{"id":2826,"date":"2024-04-09T11:52:42","date_gmt":"2024-04-09T09:52:42","guid":{"rendered":"https:\/\/blog.terredepaysages.fr\/?p=2826"},"modified":"2024-07-31T12:02:14","modified_gmt":"2024-07-31T10:02:14","slug":"carretera-austral-3e-partie-parc-pumalin","status":"publish","type":"post","link":"https:\/\/blog.terredepaysages.fr\/index.php\/2024\/04\/09\/carretera-austral-3e-partie-parc-pumalin\/","title":{"rendered":"17. Carretera Austral 3e partie (Parc Pumalin)"},"content":{"rendered":"\n[et_pb_section fb_built=\u00a0\u00bb1&Prime; _builder_version=\u00a0\u00bb4.22.1&Prime; _module_preset=\u00a0\u00bbdefault\u00a0\u00bb custom_padding=\u00a0\u00bb0px||7px||false|false\u00a0\u00bb global_colors_info=\u00a0\u00bb{}\u00a0\u00bb theme_builder_area=\u00a0\u00bbpost_content\u00a0\u00bb][et_pb_row _builder_version=\u00a0\u00bb4.22.1&Prime; _module_preset=\u00a0\u00bbdefault\u00a0\u00bb global_colors_info=\u00a0\u00bb{}\u00a0\u00bb theme_builder_area=\u00a0\u00bbpost_content\u00a0\u00bb][et_pb_column type=\u00a0\u00bb4_4&Prime; _builder_version=\u00a0\u00bb4.22.1&Prime; _module_preset=\u00a0\u00bbdefault\u00a0\u00bb global_colors_info=\u00a0\u00bb{}\u00a0\u00bb theme_builder_area=\u00a0\u00bbpost_content\u00a0\u00bb][et_pb_text _builder_version=\u00a0\u00bb4.27.0&Prime; _module_preset=\u00a0\u00bbdefault\u00a0\u00bb hover_enabled=\u00a0\u00bb0&Prime; global_colors_info=\u00a0\u00bb{}\u00a0\u00bb theme_builder_area=\u00a0\u00bbpost_content\u00a0\u00bb sticky_enabled=\u00a0\u00bb0&Prime;]<p>Jeudi 28 mars. La Carretera Austral passe au milieu du Parc Pumalin. On nous y a promis de jolies balades. Trois jours entre montagnes et volcans couverts d&rsquo;une v\u00e9g\u00e9tation abondante. Nous sommes dans l&rsquo;une des r\u00e9gions les plus arros\u00e9es du monde&#8230; Trois jours o\u00f9 les pr\u00e9visions m\u00e9t\u00e9o vont \u00e0 nouveau dicter le planning de nos journ\u00e9es. Bon, ce n&rsquo;est pas tr\u00e8s bien parti, premier jour, d\u00e9part avec une heure de retard&#8230; sous le soleil et dans la chaleur ! Mais bien vite, le ciel se couvre et c&rsquo;est sous un ciel bien gris que nous arrivons au d\u00e9part de la rando pour le volcan Chaiten. Sur le parking : trois v\u00e9los ! Ce sont les Suisses crois\u00e9s en sortant de Villa O&rsquo;Higgins, tout au sud de la Carretera Austral ! Ils ont \u00e9t\u00e9 vers le sud, puis revenus au nord en ferry pour retourner vers le sud. Nous ne sommes pas les seuls \u00e0 faire des tours et des d\u00e9tours !<\/p>\n<p>Nous attaquons l&rsquo;ascension du volcan. Sur ses flancs, beaucoup de vert, des foug\u00e8res g\u00e9antes, des fuchsias, quelques touches de rose et d&rsquo;orange. Puis la for\u00eat se fait moins dense, ne reste que quelques troncs br\u00fbl\u00e9s par la nu\u00e9e ardente de 2008. Nous arrivons au bord de la caldeira. Une montagne lunaire se dresse face \u00e0 nous. Ce sont les deux c\u00f4nes du volcan dont des gaz s\u2019\u00e9chappent des flancs. C&rsquo;est puissant.<\/p>\n<p>Redescente dans la for\u00eat humide temp\u00e9r\u00e9e&#8230; elle porte bien son nom, une petite pluie fine se met \u00e0 tomber&#8230; Les enfants galopent, mes genoux rouill\u00e9s couinent. Le d\u00e9luge nous tombe dessus en arrivant au parking.<\/p>\n<p>Ce soir grand luxe, nous avons trois options de camping (tous ferm\u00e9s aux v\u00e9hicules), le premier, conseill\u00e9 par un garde-parc, il y aurait un abri suffisamment grand pour accueillir notre tente, le deuxi\u00e8me, ce serait le plus beau de la carretera austral, et le troisi\u00e8me que nous n\u2019atteindrions pas avant la nuit. Nous passons le premier, pour arriver au deuxi\u00e8me : des petits abris dans leur cocon priv\u00e9 au bord du lac. C&rsquo;est tr\u00e8s minion, mais il est totalement impossible d&rsquo;y planter notre tente. Les abris sont trop petits et il n&rsquo;y a aucun espace autour&#8230; Nous faisons demi-tour pour revenir au premier. Un immense camping avec d&rsquo;immenses pelouses ! La tente ne rentre pas entre les tables sous l&rsquo;abri, mais il est parfait pour s\u2019\u00e9taler et tenter de faire s\u00e9cher toutes nos affaires, et la pelouse, bien que compl\u00e8tement d\u00e9tremp\u00e9e, est tr\u00e8s bien aussi.<\/p>[\/et_pb_text][\/et_pb_column][\/et_pb_row][et_pb_row column_structure=\u00a0\u00bb1_2,1_2&Prime; _builder_version=\u00a0\u00bb4.23.1&Prime; _module_preset=\u00a0\u00bbdefault\u00a0\u00bb custom_padding=\u00a0\u00bb||9px|||\u00a0\u00bb global_colors_info=\u00a0\u00bb{}\u00a0\u00bb theme_builder_area=\u00a0\u00bbpost_content\u00a0\u00bb][et_pb_column type=\u00a0\u00bb1_2&Prime; _builder_version=\u00a0\u00bb4.22.1&Prime; _module_preset=\u00a0\u00bbdefault\u00a0\u00bb global_colors_info=\u00a0\u00bb{}\u00a0\u00bb theme_builder_area=\u00a0\u00bbpost_content\u00a0\u00bb][et_pb_image src=\u00a0\u00bbhttps:\/\/blog.terredepaysages.fr\/wp-content\/uploads\/2024\/04\/Parc-Pumalin-08-scaled.jpg\u00a0\u00bb title_text=\u00a0\u00bbParc Pumalin (08)\u00a0\u00bb _builder_version=\u00a0\u00bb4.27.0&Prime; _module_preset=\u00a0\u00bbdefault\u00a0\u00bb hover_enabled=\u00a0\u00bb0&Prime; global_colors_info=\u00a0\u00bb{}\u00a0\u00bb theme_builder_area=\u00a0\u00bbpost_content\u00a0\u00bb sticky_enabled=\u00a0\u00bb0&Prime;][\/et_pb_image][\/et_pb_column][et_pb_column type=\u00a0\u00bb1_2&Prime; _builder_version=\u00a0\u00bb4.26.0&Prime; _module_preset=\u00a0\u00bbdefault\u00a0\u00bb global_colors_info=\u00a0\u00bb{}\u00a0\u00bb theme_builder_area=\u00a0\u00bbpost_content\u00a0\u00bb][et_pb_image src=\u00a0\u00bbhttps:\/\/blog.terredepaysages.fr\/wp-content\/uploads\/2024\/04\/Parc-Pumalin-14-scaled.jpg\u00a0\u00bb title_text=\u00a0\u00bbParc Pumalin (14)\u00a0\u00bb _builder_version=\u00a0\u00bb4.27.0&Prime; _module_preset=\u00a0\u00bbdefault\u00a0\u00bb hover_enabled=\u00a0\u00bb0&Prime; global_colors_info=\u00a0\u00bb{}\u00a0\u00bb theme_builder_area=\u00a0\u00bbpost_content\u00a0\u00bb alt=\u00a0\u00bbpumalin chaiten\u00a0\u00bb sticky_enabled=\u00a0\u00bb0&Prime;][\/et_pb_image][et_pb_image src=\u00a0\u00bbhttps:\/\/blog.terredepaysages.fr\/wp-content\/uploads\/2024\/04\/Parc-Pumalin-25-scaled.jpg\u00a0\u00bb title_text=\u00a0\u00bbParc Pumalin (25)\u00a0\u00bb _builder_version=\u00a0\u00bb4.27.0&Prime; _module_preset=\u00a0\u00bbdefault\u00a0\u00bb hover_enabled=\u00a0\u00bb0&Prime; global_colors_info=\u00a0\u00bb{}\u00a0\u00bb theme_builder_area=\u00a0\u00bbpost_content\u00a0\u00bb sticky_enabled=\u00a0\u00bb0&Prime;][\/et_pb_image][\/et_pb_column][\/et_pb_row][\/et_pb_section][et_pb_section fb_built=\u00a0\u00bb1&Prime; _builder_version=\u00a0\u00bb4.22.1&Prime; _module_preset=\u00a0\u00bbdefault\u00a0\u00bb custom_padding=\u00a0\u00bb6px||8px|||\u00a0\u00bb global_colors_info=\u00a0\u00bb{}\u00a0\u00bb theme_builder_area=\u00a0\u00bbpost_content\u00a0\u00bb][et_pb_row _builder_version=\u00a0\u00bb4.22.1&Prime; _module_preset=\u00a0\u00bbdefault\u00a0\u00bb custom_padding=\u00a0\u00bb6px|||||\u00a0\u00bb global_colors_info=\u00a0\u00bb{}\u00a0\u00bb theme_builder_area=\u00a0\u00bbpost_content\u00a0\u00bb][et_pb_column type=\u00a0\u00bb4_4&Prime; _builder_version=\u00a0\u00bb4.22.1&Prime; _module_preset=\u00a0\u00bbdefault\u00a0\u00bb global_colors_info=\u00a0\u00bb{}\u00a0\u00bb theme_builder_area=\u00a0\u00bbpost_content\u00a0\u00bb][et_pb_text _builder_version=\u00a0\u00bb4.27.0&Prime; _module_preset=\u00a0\u00bbdefault\u00a0\u00bb hover_enabled=\u00a0\u00bb0&Prime; global_colors_info=\u00a0\u00bb{}\u00a0\u00bb theme_builder_area=\u00a0\u00bbpost_content\u00a0\u00bb sticky_enabled=\u00a0\u00bb0&Prime;]<p>Vendredi 29 mars. La brume se l\u00e8ve avec l\u2019arriv\u00e9e du soleil. Trois kilom\u00e8tres de v\u00e9los \u00e0 travers la for\u00eat pour sortir du camping. On nous a parl\u00e9 d&rsquo;une source d&rsquo;eau chaude sur le bord de la route, dans le foss\u00e9, au pied d&rsquo;un arbre pench\u00e9. Nous la passons avec l\u2019id\u00e9e de revenir s&rsquo;y baigner en fin de journ\u00e9e. S\u00e9chage de la tente sur le bord de la route et d\u00e9part \u00e0 pied pour le lago torneador. Sentier taill\u00e9 \u00e0 la machette dans la for\u00eat humide. Les machettes ont aussi taill\u00e9 des milliers de marches, escaliers \u00e0 tendance \u00e9chelles. La pluie arrive plus vite que pr\u00e9vu. Nous passons des gorges \u00e9troites, face \u00e0 des cascades. Toujours plus de foug\u00e8res et lianes, mousses et lichens. Le lac appara\u00eet, cach\u00e9 en haut de la montagne. La pluie s&rsquo;intensifie. Dans la descente, le sentier s&rsquo;est transform\u00e9 en ruisseau, les marches en piscine. Nous arrivons tremp\u00e9s aux v\u00e9los. Vite, direction le camping et ses abris salvateurs ! Il est ferm\u00e9 et vide, nous en profitons pour ne pas respecter les r\u00e8gles : nous campons sur la pelouse (si belle!) et mettons la musique \u00e0 fond ! Je fais \u00e9couter aux enfants, celle qui m&rsquo;a fait monter bien des c\u00f4tes. Sp\u00e9cial d\u00e9dicace \u00e0 Rodrigo et Grabriela. Lors d&rsquo;un autre voyage, le son de vos guitares m&rsquo;a fait grimper les cols plus vite que mon bin\u00f4me ! Le\u00efla, nous dit qu&rsquo;elle, quand elle veut nous doubler dans les mont\u00e9es, elle arr\u00eate la danseuse, s&rsquo;assoit sur sa selle, met la vitesse 2 et ziou !<\/p>[\/et_pb_text][\/et_pb_column][\/et_pb_row][\/et_pb_section][et_pb_section fb_built=\u00a0\u00bb1&Prime; _builder_version=\u00a0\u00bb4.22.1&Prime; _module_preset=\u00a0\u00bbdefault\u00a0\u00bb custom_padding=\u00a0\u00bb6px||10px|||\u00a0\u00bb global_colors_info=\u00a0\u00bb{}\u00a0\u00bb theme_builder_area=\u00a0\u00bbpost_content\u00a0\u00bb][et_pb_row column_structure=\u00a0\u00bb1_2,1_2&Prime; _builder_version=\u00a0\u00bb4.22.1&Prime; _module_preset=\u00a0\u00bbdefault\u00a0\u00bb global_colors_info=\u00a0\u00bb{}\u00a0\u00bb theme_builder_area=\u00a0\u00bbpost_content\u00a0\u00bb][et_pb_column type=\u00a0\u00bb1_2&Prime; _builder_version=\u00a0\u00bb4.22.1&Prime; _module_preset=\u00a0\u00bbdefault\u00a0\u00bb global_colors_info=\u00a0\u00bb{}\u00a0\u00bb theme_builder_area=\u00a0\u00bbpost_content\u00a0\u00bb][et_pb_image src=\u00a0\u00bbhttps:\/\/blog.terredepaysages.fr\/wp-content\/uploads\/2024\/04\/Parc-Pumalin-39-scaled.jpg\u00a0\u00bb title_text=\u00a0\u00bbParc Pumalin (39)\u00a0\u00bb _builder_version=\u00a0\u00bb4.27.0&Prime; _module_preset=\u00a0\u00bbdefault\u00a0\u00bb hover_enabled=\u00a0\u00bb0&Prime; global_colors_info=\u00a0\u00bb{}\u00a0\u00bb theme_builder_area=\u00a0\u00bbpost_content\u00a0\u00bb sticky_enabled=\u00a0\u00bb0&Prime;][\/et_pb_image][et_pb_image src=\u00a0\u00bbhttps:\/\/blog.terredepaysages.fr\/wp-content\/uploads\/2024\/04\/Parc-Pumalin-34-scaled.jpg\u00a0\u00bb title_text=\u00a0\u00bbParc Pumalin (34)\u00a0\u00bb _builder_version=\u00a0\u00bb4.27.0&Prime; _module_preset=\u00a0\u00bbdefault\u00a0\u00bb hover_enabled=\u00a0\u00bb0&Prime; global_colors_info=\u00a0\u00bb{}\u00a0\u00bb theme_builder_area=\u00a0\u00bbpost_content\u00a0\u00bb sticky_enabled=\u00a0\u00bb0&Prime;][\/et_pb_image][\/et_pb_column][et_pb_column type=\u00a0\u00bb1_2&Prime; _builder_version=\u00a0\u00bb4.25.1&Prime; _module_preset=\u00a0\u00bbdefault\u00a0\u00bb global_colors_info=\u00a0\u00bb{}\u00a0\u00bb theme_builder_area=\u00a0\u00bbpost_content\u00a0\u00bb][et_pb_image src=\u00a0\u00bbhttps:\/\/blog.terredepaysages.fr\/wp-content\/uploads\/2024\/04\/Parc-Pumalin-48-scaled.jpg\u00a0\u00bb title_text=\u00a0\u00bbParc Pumalin (48)\u00a0\u00bb _builder_version=\u00a0\u00bb4.27.0&Prime; _module_preset=\u00a0\u00bbdefault\u00a0\u00bb hover_enabled=\u00a0\u00bb0&Prime; global_colors_info=\u00a0\u00bb{}\u00a0\u00bb theme_builder_area=\u00a0\u00bbpost_content\u00a0\u00bb sticky_enabled=\u00a0\u00bb0&Prime;][\/et_pb_image][\/et_pb_column][\/et_pb_row][et_pb_row _builder_version=\u00a0\u00bb4.22.1&Prime; _module_preset=\u00a0\u00bbdefault\u00a0\u00bb custom_padding=\u00a0\u00bb6px|||||\u00a0\u00bb global_colors_info=\u00a0\u00bb{}\u00a0\u00bb theme_builder_area=\u00a0\u00bbpost_content\u00a0\u00bb][et_pb_column type=\u00a0\u00bb4_4&Prime; _builder_version=\u00a0\u00bb4.22.1&Prime; _module_preset=\u00a0\u00bbdefault\u00a0\u00bb global_colors_info=\u00a0\u00bb{}\u00a0\u00bb theme_builder_area=\u00a0\u00bbpost_content\u00a0\u00bb][et_pb_text _builder_version=\u00a0\u00bb4.27.0&Prime; _module_preset=\u00a0\u00bbdefault\u00a0\u00bb hover_enabled=\u00a0\u00bb0&Prime; global_colors_info=\u00a0\u00bb{}\u00a0\u00bb theme_builder_area=\u00a0\u00bbpost_content\u00a0\u00bb sticky_enabled=\u00a0\u00bb0&Prime;]<p>Samedi 30 mars. Lever sous la pluie, d\u00e9part sous la pluie, balade aux milieux d&rsquo;arbres mill\u00e9naires sous la pluie, arriv\u00e9s au port avec l\u2019arr\u00eat de la pluie. Ouf, c&rsquo;est plus facile pour trouver des v\u00e9hicules o\u00f9 mettre nos v\u00e9los. Nous avons deux ferrys qui s\u2019encha\u00eenent pour poursuivre la route vers le nord. Entre les deux, 10 km de piste, qui montent puis descendent, pas insurmontables, mais le temps entre les deux bateaux n&rsquo;est pas suffisant pour les parcourir \u00e0 v\u00e9los. Nous pr\u00e9f\u00e9rons anticiper l&rsquo;action des employ\u00e9s du ferry et partons \u00e0 la recherche de pick-up et autres gros v\u00e9hicules pouvant transporter tout notre barda. Flo d\u00e9gote deux pick-up et un camion de voyageurs allemands, parfait !<\/p>\n<p>Miracle, nous arrivons sous le soleil \u00e0 Hornopiren ! Sur la place, une jeune femme nous apostrophe : \u00ab vous dormez o\u00f9 ce soir ? \u00a0\u00bb et la voil\u00e0 qui nous invite \u00e0 venir planter la tente dans le jardin de sa m\u00e8re et \u00e0 profiter de la douche chaude. Tip, top ! Le lendemain c&rsquo;est p\u00e2ques, le lapin Daniela a apport\u00e9 des \u0153ufs aux enfants. Pour les parents, elle a fait tourner la machine \u00e0 laver et mis les habits dans le s\u00e9choir. C&rsquo;est la f\u00eate ! Nous repartons propre et sec (sauf les pieds, parce que j&rsquo;ai refus\u00e9 de prendre ses chaussures!).<\/p>[\/et_pb_text][\/et_pb_column][\/et_pb_row][et_pb_row column_structure=\u00a0\u00bb1_2,1_2&Prime; _builder_version=\u00a0\u00bb4.26.0&Prime; _module_preset=\u00a0\u00bbdefault\u00a0\u00bb global_colors_info=\u00a0\u00bb{}\u00a0\u00bb theme_builder_area=\u00a0\u00bbpost_content\u00a0\u00bb][et_pb_column type=\u00a0\u00bb1_2&Prime; _builder_version=\u00a0\u00bb4.22.1&Prime; _module_preset=\u00a0\u00bbdefault\u00a0\u00bb global_colors_info=\u00a0\u00bb{}\u00a0\u00bb theme_builder_area=\u00a0\u00bbpost_content\u00a0\u00bb][et_pb_image src=\u00a0\u00bbhttps:\/\/blog.terredepaysages.fr\/wp-content\/uploads\/2024\/04\/Parc-Pumalin-59-scaled.jpg\u00a0\u00bb title_text=\u00a0\u00bbParc Pumalin (59)\u00a0\u00bb _builder_version=\u00a0\u00bb4.27.0&Prime; _module_preset=\u00a0\u00bbdefault\u00a0\u00bb hover_enabled=\u00a0\u00bb0&Prime; global_colors_info=\u00a0\u00bb{}\u00a0\u00bb theme_builder_area=\u00a0\u00bbpost_content\u00a0\u00bb sticky_enabled=\u00a0\u00bb0&Prime;][\/et_pb_image][et_pb_image src=\u00a0\u00bbhttps:\/\/blog.terredepaysages.fr\/wp-content\/uploads\/2024\/04\/Carretera-Austral-3-Fin-14-scaled.jpg\u00a0\u00bb _builder_version=\u00a0\u00bb4.27.0&Prime; _module_preset=\u00a0\u00bbdefault\u00a0\u00bb theme_builder_area=\u00a0\u00bbpost_content\u00a0\u00bb title_text=\u00a0\u00bbCarretera Austral 3 Fin (14)\u00a0\u00bb hover_enabled=\u00a0\u00bb0&Prime; sticky_enabled=\u00a0\u00bb0&Prime;][\/et_pb_image][\/et_pb_column][et_pb_column type=\u00a0\u00bb1_2&Prime; _builder_version=\u00a0\u00bb4.22.1&Prime; _module_preset=\u00a0\u00bbdefault\u00a0\u00bb global_colors_info=\u00a0\u00bb{}\u00a0\u00bb theme_builder_area=\u00a0\u00bbpost_content\u00a0\u00bb][et_pb_image title_text=\u00a0\u00bbParc Pumalin (56)\u00a0\u00bb _builder_version=\u00a0\u00bb4.27.0&Prime; _module_preset=\u00a0\u00bbdefault\u00a0\u00bb hover_enabled=\u00a0\u00bb0&Prime; global_colors_info=\u00a0\u00bb{}\u00a0\u00bb theme_builder_area=\u00a0\u00bbpost_content\u00a0\u00bb alt=\u00a0\u00bbparc pumalin\u00a0\u00bb src=\u00a0\u00bbhttps:\/\/blog.terredepaysages.fr\/wp-content\/uploads\/2024\/04\/Parc-Pumalin-56-scaled.jpg\u00a0\u00bb sticky_enabled=\u00a0\u00bb0&Prime;][\/et_pb_image][\/et_pb_column][\/et_pb_row][\/et_pb_section][et_pb_section fb_built=\u00a0\u00bb1&Prime; _builder_version=\u00a0\u00bb4.22.1&Prime; _module_preset=\u00a0\u00bbdefault\u00a0\u00bb custom_padding=\u00a0\u00bb6px||10px|||\u00a0\u00bb global_colors_info=\u00a0\u00bb{}\u00a0\u00bb theme_builder_area=\u00a0\u00bbpost_content\u00a0\u00bb][et_pb_row _builder_version=\u00a0\u00bb4.22.1&Prime; _module_preset=\u00a0\u00bbdefault\u00a0\u00bb custom_padding=\u00a0\u00bb6px|||||\u00a0\u00bb global_colors_info=\u00a0\u00bb{}\u00a0\u00bb theme_builder_area=\u00a0\u00bbpost_content\u00a0\u00bb][et_pb_column type=\u00a0\u00bb4_4&Prime; _builder_version=\u00a0\u00bb4.22.1&Prime; _module_preset=\u00a0\u00bbdefault\u00a0\u00bb global_colors_info=\u00a0\u00bb{}\u00a0\u00bb theme_builder_area=\u00a0\u00bbpost_content\u00a0\u00bb][et_pb_text _builder_version=\u00a0\u00bb4.26.0&Prime; _module_preset=\u00a0\u00bbdefault\u00a0\u00bb global_colors_info=\u00a0\u00bb{}\u00a0\u00bb theme_builder_area=\u00a0\u00bbpost_content\u00a0\u00bb]<p>P\u00e9ninsule de Hornopiren. Nous longeons la c\u00f4te sous le ciel bleu. C&rsquo;est magnifique ! Dauphins et lions de mer profitent du calme et du soleil. Les chantiers prennent leur temps pour construire les bateaux de p\u00eache en bois. Les vaches broutent tranquillement. Les gens d&rsquo;ici appr\u00e9cient leur tranquillit\u00e9. Ils ne veulent surtout pas d&rsquo;un travail \u00e0 horaires fixes comme ceux propos\u00e9s dans les fermes \u00e0 saumon. Un peu de p\u00eache, \u00e0 leur rythme, suffit pour vivre. C&rsquo;est paisible. La gardienne nous ouvre les portes de la salle paroissiale pour la nuit.<\/p>\n<p><br \/>Notre route devait passer par Cochamo, petit paradis pour la randonn\u00e9e et l&rsquo;escalade. Nous n&rsquo;y sommes pas all\u00e9s lors de notre trajet vers le sud pour cause de pluies diluviennes, nous n&rsquo;irons pas sur notre route vers le nord pour cause&#8230; de pluies diluviennes. Marre de l&rsquo;eau. C&rsquo;est act\u00e9, nous filons \u00e0 Puerto Montt et Santiago o\u00f9 nous attendent Jorge et Galia. Il para\u00eet qu&rsquo;il y fait plus de 30\u00ba, un truc de fou !!<\/p>[\/et_pb_text][\/et_pb_column][\/et_pb_row][et_pb_row column_structure=\u00a0\u00bb1_2,1_2&Prime; _builder_version=\u00a0\u00bb4.22.1&Prime; _module_preset=\u00a0\u00bbdefault\u00a0\u00bb global_colors_info=\u00a0\u00bb{}\u00a0\u00bb theme_builder_area=\u00a0\u00bbpost_content\u00a0\u00bb][et_pb_column type=\u00a0\u00bb1_2&Prime; _builder_version=\u00a0\u00bb4.22.1&Prime; _module_preset=\u00a0\u00bbdefault\u00a0\u00bb global_colors_info=\u00a0\u00bb{}\u00a0\u00bb theme_builder_area=\u00a0\u00bbpost_content\u00a0\u00bb][et_pb_image src=\u00a0\u00bbhttps:\/\/blog.terredepaysages.fr\/wp-content\/uploads\/2024\/04\/Carretera-Austral-3-Fin-35-scaled.jpg\u00a0\u00bb title_text=\u00a0\u00bbCarretera Austral 3 Fin (35)\u00a0\u00bb _builder_version=\u00a0\u00bb4.27.0&Prime; _module_preset=\u00a0\u00bbdefault\u00a0\u00bb hover_enabled=\u00a0\u00bb0&Prime; global_colors_info=\u00a0\u00bb{}\u00a0\u00bb theme_builder_area=\u00a0\u00bbpost_content\u00a0\u00bb sticky_enabled=\u00a0\u00bb0&Prime;][\/et_pb_image][et_pb_image src=\u00a0\u00bbhttps:\/\/blog.terredepaysages.fr\/wp-content\/uploads\/2024\/04\/Carretera-Austral-3-Fin-52-scaled.jpg\u00a0\u00bb title_text=\u00a0\u00bbCarretera Austral 3 Fin (52)\u00a0\u00bb _builder_version=\u00a0\u00bb4.27.0&Prime; _module_preset=\u00a0\u00bbdefault\u00a0\u00bb hover_enabled=\u00a0\u00bb0&Prime; global_colors_info=\u00a0\u00bb{}\u00a0\u00bb theme_builder_area=\u00a0\u00bbpost_content\u00a0\u00bb sticky_enabled=\u00a0\u00bb0&Prime;][\/et_pb_image][\/et_pb_column][et_pb_column type=\u00a0\u00bb1_2&Prime; _builder_version=\u00a0\u00bb4.22.1&Prime; _module_preset=\u00a0\u00bbdefault\u00a0\u00bb global_colors_info=\u00a0\u00bb{}\u00a0\u00bb theme_builder_area=\u00a0\u00bbpost_content\u00a0\u00bb][et_pb_image src=\u00a0\u00bbhttps:\/\/blog.terredepaysages.fr\/wp-content\/uploads\/2024\/04\/Carretera-Austral-3-Fin-45-scaled.jpg\u00a0\u00bb title_text=\u00a0\u00bbCarretera Austral 3 Fin (45)\u00a0\u00bb _builder_version=\u00a0\u00bb4.27.0&Prime; _module_preset=\u00a0\u00bbdefault\u00a0\u00bb hover_enabled=\u00a0\u00bb0&Prime; global_colors_info=\u00a0\u00bb{}\u00a0\u00bb theme_builder_area=\u00a0\u00bbpost_content\u00a0\u00bb sticky_enabled=\u00a0\u00bb0&Prime;][\/et_pb_image][\/et_pb_column][\/et_pb_row][\/et_pb_section][et_pb_section fb_built=\u00a0\u00bb1&Prime; _builder_version=\u00a0\u00bb4.22.1&Prime; _module_preset=\u00a0\u00bbdefault\u00a0\u00bb custom_padding=\u00a0\u00bb6px||10px|||\u00a0\u00bb global_colors_info=\u00a0\u00bb{}\u00a0\u00bb theme_builder_area=\u00a0\u00bbpost_content\u00a0\u00bb][et_pb_row _builder_version=\u00a0\u00bb4.22.1&Prime; _module_preset=\u00a0\u00bbdefault\u00a0\u00bb custom_padding=\u00a0\u00bb6px|||||\u00a0\u00bb global_colors_info=\u00a0\u00bb{}\u00a0\u00bb theme_builder_area=\u00a0\u00bbpost_content\u00a0\u00bb][et_pb_column type=\u00a0\u00bb4_4&Prime; _builder_version=\u00a0\u00bb4.22.1&Prime; _module_preset=\u00a0\u00bbdefault\u00a0\u00bb global_colors_info=\u00a0\u00bb{}\u00a0\u00bb theme_builder_area=\u00a0\u00bbpost_content\u00a0\u00bb][et_pb_text _builder_version=\u00a0\u00bb4.27.0&Prime; _module_preset=\u00a0\u00bbdefault\u00a0\u00bb hover_enabled=\u00a0\u00bb0&Prime; global_colors_info=\u00a0\u00bb{}\u00a0\u00bb theme_builder_area=\u00a0\u00bbpost_content\u00a0\u00bb sticky_enabled=\u00a0\u00bb0&Prime;]<p>Puerto Montt. Le trafic s&rsquo;intensifie \u00e0 l&rsquo;approche de la ville. La route, \u00e9troite, longe la c\u00f4te. Petites maisons en contrebas de la route, coinc\u00e9es entre l&rsquo;asphalte et le rivage. Heureusement, assez vite nous attrapons la piste cyclable qui nous m\u00e8ne tout droit au terminal de bus ou nous esp\u00e9rons embarquer direction Santiago. En arrivant, une petite famille nous interpelle. La maman s&rsquo;exclame \u00ab\u00a0je vous ai vu hier sur internet !\u00a0\u00bb. Cyclo elle aussi, elle est contente de pouvoir pr\u00e9senter \u00e0 ses enfants des enfants qui p\u00e9dalent au long cours.<\/p>\n<p>Les bus ne veulent pas de nous ce soir, soit ils sont pleins, soit ils n&rsquo;ont pas de place pour les v\u00e9los. Nous comprenons qu&rsquo;il ne faut pas suivre les conseils et sauter dans un bus au dernier moment. Nous d\u00e9cidons de r\u00e9server des places pour un bus du lendemain soir et nous arriverons t\u00f4t pour forcer le passage des v\u00e9los en soute. Il fait nuit, mais pour une fois nous ne sommes pas inquiets. Nous savons o\u00f9 dormir, direction l\u2019h\u00f4tel o\u00f9 nous \u00e9tions quelques mois plus t\u00f4t.<\/p>\n<p>Journ\u00e9e urbaine en attendant le d\u00e9part du bus. La pluie nous a rattrap\u00e9s. Nous filons au terminal pour lui \u00e9chapper. Flo a le droit d&rsquo;installer lui-m\u00eame les v\u00e9los en soute. Nous sommes ainsi plus serein.<\/p>[\/et_pb_text][\/et_pb_column][\/et_pb_row][et_pb_row column_structure=\u00a0\u00bb1_2,1_2&Prime; _builder_version=\u00a0\u00bb4.22.1&Prime; _module_preset=\u00a0\u00bbdefault\u00a0\u00bb global_colors_info=\u00a0\u00bb{}\u00a0\u00bb theme_builder_area=\u00a0\u00bbpost_content\u00a0\u00bb][et_pb_column type=\u00a0\u00bb1_2&Prime; _builder_version=\u00a0\u00bb4.22.1&Prime; _module_preset=\u00a0\u00bbdefault\u00a0\u00bb global_colors_info=\u00a0\u00bb{}\u00a0\u00bb theme_builder_area=\u00a0\u00bbpost_content\u00a0\u00bb][et_pb_image src=\u00a0\u00bbhttps:\/\/blog.terredepaysages.fr\/wp-content\/uploads\/2024\/04\/Carretera-Austral-3-Fin-64-scaled.jpg\u00a0\u00bb title_text=\u00a0\u00bbCarretera Austral 3 Fin (64)\u00a0\u00bb _builder_version=\u00a0\u00bb4.27.0&Prime; _module_preset=\u00a0\u00bbdefault\u00a0\u00bb hover_enabled=\u00a0\u00bb0&Prime; global_colors_info=\u00a0\u00bb{}\u00a0\u00bb theme_builder_area=\u00a0\u00bbpost_content\u00a0\u00bb sticky_enabled=\u00a0\u00bb0&Prime;][\/et_pb_image][et_pb_image src=\u00a0\u00bbhttps:\/\/blog.terredepaysages.fr\/wp-content\/uploads\/2024\/04\/Carretera-Austral-3-Fin-68-scaled.jpg\u00a0\u00bb title_text=\u00a0\u00bbCarretera Austral 3 Fin (68)\u00a0\u00bb _builder_version=\u00a0\u00bb4.27.0&Prime; _module_preset=\u00a0\u00bbdefault\u00a0\u00bb hover_enabled=\u00a0\u00bb0&Prime; global_colors_info=\u00a0\u00bb{}\u00a0\u00bb theme_builder_area=\u00a0\u00bbpost_content\u00a0\u00bb sticky_enabled=\u00a0\u00bb0&Prime;][\/et_pb_image][\/et_pb_column][et_pb_column type=\u00a0\u00bb1_2&Prime; _builder_version=\u00a0\u00bb4.26.0&Prime; _module_preset=\u00a0\u00bbdefault\u00a0\u00bb global_colors_info=\u00a0\u00bb{}\u00a0\u00bb theme_builder_area=\u00a0\u00bbpost_content\u00a0\u00bb][et_pb_image src=\u00a0\u00bbhttps:\/\/blog.terredepaysages.fr\/wp-content\/uploads\/2024\/04\/Carretera-Austral-3-Fin-67-scaled.jpg\u00a0\u00bb title_text=\u00a0\u00bbCarretera Austral 3 Fin (67)\u00a0\u00bb _builder_version=\u00a0\u00bb4.27.0&Prime; _module_preset=\u00a0\u00bbdefault\u00a0\u00bb hover_enabled=\u00a0\u00bb0&Prime; global_colors_info=\u00a0\u00bb{}\u00a0\u00bb theme_builder_area=\u00a0\u00bbpost_content\u00a0\u00bb sticky_enabled=\u00a0\u00bb0&Prime;][\/et_pb_image][et_pb_image src=\u00a0\u00bbhttps:\/\/blog.terredepaysages.fr\/wp-content\/uploads\/2024\/04\/Carretera-Austral-3-Fin-73-scaled.jpg\u00a0\u00bb _builder_version=\u00a0\u00bb4.27.0&Prime; _module_preset=\u00a0\u00bbdefault\u00a0\u00bb theme_builder_area=\u00a0\u00bbpost_content\u00a0\u00bb title_text=\u00a0\u00bbCarretera Austral 3 Fin (73)\u00a0\u00bb hover_enabled=\u00a0\u00bb0&Prime; sticky_enabled=\u00a0\u00bb0&Prime;][\/et_pb_image][\/et_pb_column][\/et_pb_row][\/et_pb_section][et_pb_section fb_built=\u00a0\u00bb1&Prime; _builder_version=\u00a0\u00bb4.22.1&Prime; _module_preset=\u00a0\u00bbdefault\u00a0\u00bb custom_padding=\u00a0\u00bb6px||10px|||\u00a0\u00bb global_colors_info=\u00a0\u00bb{}\u00a0\u00bb theme_builder_area=\u00a0\u00bbpost_content\u00a0\u00bb][et_pb_row _builder_version=\u00a0\u00bb4.22.1&Prime; _module_preset=\u00a0\u00bbdefault\u00a0\u00bb custom_padding=\u00a0\u00bb6px|||||\u00a0\u00bb global_colors_info=\u00a0\u00bb{}\u00a0\u00bb theme_builder_area=\u00a0\u00bbpost_content\u00a0\u00bb][et_pb_column type=\u00a0\u00bb4_4&Prime; _builder_version=\u00a0\u00bb4.22.1&Prime; _module_preset=\u00a0\u00bbdefault\u00a0\u00bb global_colors_info=\u00a0\u00bb{}\u00a0\u00bb theme_builder_area=\u00a0\u00bbpost_content\u00a0\u00bb][et_pb_text _builder_version=\u00a0\u00bb4.27.0&Prime; _module_preset=\u00a0\u00bbdefault\u00a0\u00bb hover_enabled=\u00a0\u00bb0&Prime; global_colors_info=\u00a0\u00bb{}\u00a0\u00bb theme_builder_area=\u00a0\u00bbpost_content\u00a0\u00bb sticky_enabled=\u00a0\u00bb0&Prime;]<p>Mercredi 3 avril. Santiago, arriv\u00e9e au petit matin. Remonter les v\u00e9los. Partir sur les pistes cyclables, \u00e9troites mais pratiques. Perdre une p\u00e9dale. Flo prend mon v\u00e9lo et poursuit avec une jambe. Je prends le sien. Mais comment fait-il pour rester assis sur cette selle ??<\/p>\n<p>Sur la route, une femme nous arr\u00eate : \u00ab\u00a0Je vous ai vu il y a 5 minutes sur internet et vous \u00eates l\u00e0 ! C&rsquo;est incroyable !\u00a0\u00bb.<\/p>\n<p>Arriv\u00e9e chez Jorge et Galia. Depuis notre passage, une piscine a \u00e9t\u00e9 creus\u00e9e dans leur jardin. Mais il a donc fait si chaud ici !! O\u00f9 \u00e9tions-nous ces derniers mois ??<\/p>\n<p>Quelques jours chez les amis. Repos, repas, profiter d&rsquo;eux, maintenance et r\u00e9paration des v\u00e9los. Le\u00efla retrouve Laura avec grand plaisir. Les cloches de p\u00e2ques passent \u00e0 nouveau dans le jardin. Et puis il est temps de se replonger dans les cartes, \u00e9tudier les trajets possibles pour se rendre en Bolivie, se d\u00e9cider pour aller du c\u00f4t\u00e9 argentin et r\u00e9server des bus pour Salta.<\/p>[\/et_pb_text][\/et_pb_column][\/et_pb_row][et_pb_row column_structure=\u00a0\u00bb1_2,1_2&Prime; _builder_version=\u00a0\u00bb4.26.0&Prime; _module_preset=\u00a0\u00bbdefault\u00a0\u00bb global_colors_info=\u00a0\u00bb{}\u00a0\u00bb theme_builder_area=\u00a0\u00bbpost_content\u00a0\u00bb][et_pb_column type=\u00a0\u00bb1_2&Prime; _builder_version=\u00a0\u00bb4.22.1&Prime; _module_preset=\u00a0\u00bbdefault\u00a0\u00bb global_colors_info=\u00a0\u00bb{}\u00a0\u00bb theme_builder_area=\u00a0\u00bbpost_content\u00a0\u00bb][et_pb_image src=\u00a0\u00bbhttps:\/\/blog.terredepaysages.fr\/wp-content\/uploads\/2024\/04\/Santiago-1-scaled.jpg\u00a0\u00bb title_text=\u00a0\u00bbSantiago (1)\u00a0\u00bb _builder_version=\u00a0\u00bb4.27.0&Prime; _module_preset=\u00a0\u00bbdefault\u00a0\u00bb hover_enabled=\u00a0\u00bb0&Prime; global_colors_info=\u00a0\u00bb{}\u00a0\u00bb theme_builder_area=\u00a0\u00bbpost_content\u00a0\u00bb sticky_enabled=\u00a0\u00bb0&Prime;][\/et_pb_image][et_pb_image src=\u00a0\u00bbhttps:\/\/blog.terredepaysages.fr\/wp-content\/uploads\/2024\/04\/Santiago-25-scaled.jpg\u00a0\u00bb title_text=\u00a0\u00bbSantiago (25)\u00a0\u00bb _builder_version=\u00a0\u00bb4.27.0&Prime; _module_preset=\u00a0\u00bbdefault\u00a0\u00bb hover_enabled=\u00a0\u00bb0&Prime; global_colors_info=\u00a0\u00bb{}\u00a0\u00bb theme_builder_area=\u00a0\u00bbpost_content\u00a0\u00bb sticky_enabled=\u00a0\u00bb0&Prime;][\/et_pb_image][\/et_pb_column][et_pb_column type=\u00a0\u00bb1_2&Prime; _builder_version=\u00a0\u00bb4.26.0&Prime; _module_preset=\u00a0\u00bbdefault\u00a0\u00bb global_colors_info=\u00a0\u00bb{}\u00a0\u00bb theme_builder_area=\u00a0\u00bbpost_content\u00a0\u00bb][et_pb_image src=\u00a0\u00bbhttps:\/\/blog.terredepaysages.fr\/wp-content\/uploads\/2024\/04\/Santiago-8-scaled.jpg\u00a0\u00bb _builder_version=\u00a0\u00bb4.27.0&Prime; _module_preset=\u00a0\u00bbdefault\u00a0\u00bb theme_builder_area=\u00a0\u00bbpost_content\u00a0\u00bb title_text=\u00a0\u00bbSantiago (8)\u00a0\u00bb hover_enabled=\u00a0\u00bb0&Prime; sticky_enabled=\u00a0\u00bb0&Prime;][\/et_pb_image][\/et_pb_column][\/et_pb_row][\/et_pb_section][et_pb_section fb_built=\u00a0\u00bb1&Prime; _builder_version=\u00a0\u00bb4.24.3&Prime; _module_preset=\u00a0\u00bbdefault\u00a0\u00bb custom_padding=\u00a0\u00bb14px||0px|||\u00a0\u00bb global_colors_info=\u00a0\u00bb{}\u00a0\u00bb theme_builder_area=\u00a0\u00bbpost_content\u00a0\u00bb][et_pb_row _builder_version=\u00a0\u00bb4.24.3&Prime; _module_preset=\u00a0\u00bbdefault\u00a0\u00bb global_colors_info=\u00a0\u00bb{}\u00a0\u00bb theme_builder_area=\u00a0\u00bbpost_content\u00a0\u00bb][et_pb_column type=\u00a0\u00bb4_4&Prime; _builder_version=\u00a0\u00bb4.24.3&Prime; _module_preset=\u00a0\u00bbdefault\u00a0\u00bb global_colors_info=\u00a0\u00bb{}\u00a0\u00bb theme_builder_area=\u00a0\u00bbpost_content\u00a0\u00bb][et_pb_button button_url=\u00a0\u00bbhttps:\/\/blog.terredepaysages.fr\/index.php\/photo\/\u00a0\u00bb button_text=\u00a0\u00bb+ de photos ici\u00a0\u00bb _builder_version=\u00a0\u00bb4.24.3&Prime; _module_preset=\u00a0\u00bbdefault\u00a0\u00bb global_colors_info=\u00a0\u00bb{}\u00a0\u00bb theme_builder_area=\u00a0\u00bbpost_content\u00a0\u00bb][\/et_pb_button][\/et_pb_column][\/et_pb_row][\/et_pb_section]\n","protected":false},"excerpt":{"rendered":"<p>Des for\u00eats humides temp\u00e9r\u00e9es au bord de c\u00f4tes ensoleill\u00e9es<\/p>\n","protected":false},"author":1,"featured_media":2836,"comment_status":"closed","ping_status":"open","sticky":false,"template":"","format":"standard","meta":{"_et_pb_use_builder":"on","_et_pb_old_content":"","_et_gb_content_width":"1080","footnotes":""},"categories":[12,17,15],"tags":[13,19,10],"class_list":["post-2826","post","type-post","status-publish","format-standard","has-post-thumbnail","hentry","category-chili","category-rando","category-velo","tag-chili","tag-rando","tag-velo"],"yoast_head":"<!-- This site is optimized with the Yoast SEO plugin v26.4 - https:\/\/yoast.com\/wordpress\/plugins\/seo\/ -->\n<title>17. Carretera Austral 3e partie (Parc Pumalin) - Terre de Paysages<\/title>\n<meta name=\"description\" content=\"Des for\u00eats humides temp\u00e9r\u00e9es au bord de c\u00f4tes ensoleill\u00e9es.\" \/>\n<meta name=\"robots\" content=\"index, follow, max-snippet:-1, max-image-preview:large, max-video-preview:-1\" \/>\n<link rel=\"canonical\" href=\"https:\/\/blog.terredepaysages.fr\/index.php\/2024\/04\/09\/carretera-austral-3e-partie-parc-pumalin\/\" \/>\n<meta property=\"og:locale\" content=\"fr_FR\" \/>\n<meta property=\"og:type\" content=\"article\" \/>\n<meta property=\"og:title\" content=\"17. Carretera Austral 3e partie (Parc Pumalin) - Terre de Paysages\" \/>\n<meta property=\"og:description\" content=\"Des for\u00eats humides temp\u00e9r\u00e9es au bord de c\u00f4tes ensoleill\u00e9es.\" \/>\n<meta property=\"og:url\" content=\"https:\/\/blog.terredepaysages.fr\/index.php\/2024\/04\/09\/carretera-austral-3e-partie-parc-pumalin\/\" \/>\n<meta property=\"og:site_name\" content=\"Terre de Paysages\" \/>\n<meta property=\"article:published_time\" content=\"2024-04-09T09:52:42+00:00\" \/>\n<meta property=\"article:modified_time\" content=\"2024-07-31T10:02:14+00:00\" \/>\n<meta property=\"og:image\" content=\"https:\/\/blog.terredepaysages.fr\/wp-content\/uploads\/2024\/04\/Carretera-Austral-3-Fin-51-1-scaled.jpg\" \/>\n\t<meta property=\"og:image:width\" content=\"2560\" \/>\n\t<meta property=\"og:image:height\" content=\"1920\" \/>\n\t<meta property=\"og:image:type\" content=\"image\/jpeg\" \/>\n<meta name=\"author\" content=\"Terre de Paysages\" \/>\n<meta name=\"twitter:card\" content=\"summary_large_image\" \/>\n<meta name=\"twitter:label1\" content=\"\u00c9crit par\" \/>\n\t<meta name=\"twitter:data1\" content=\"Terre de Paysages\" \/>\n\t<meta name=\"twitter:label2\" content=\"Dur\u00e9e de lecture estim\u00e9e\" \/>\n\t<meta name=\"twitter:data2\" content=\"12 minutes\" \/>\n<script type=\"application\/ld+json\" class=\"yoast-schema-graph\">{\"@context\":\"https:\/\/schema.org\",\"@graph\":[{\"@type\":\"Article\",\"@id\":\"https:\/\/blog.terredepaysages.fr\/index.php\/2024\/04\/09\/carretera-austral-3e-partie-parc-pumalin\/#article\",\"isPartOf\":{\"@id\":\"https:\/\/blog.terredepaysages.fr\/index.php\/2024\/04\/09\/carretera-austral-3e-partie-parc-pumalin\/\"},\"author\":{\"name\":\"Terre de Paysages\",\"@id\":\"https:\/\/blog.terredepaysages.fr\/#\/schema\/person\/c8d144d26e488663688e0e7a91d9e7a0\"},\"headline\":\"17. Carretera Austral 3e partie (Parc Pumalin)\",\"datePublished\":\"2024-04-09T09:52:42+00:00\",\"dateModified\":\"2024-07-31T10:02:14+00:00\",\"mainEntityOfPage\":{\"@id\":\"https:\/\/blog.terredepaysages.fr\/index.php\/2024\/04\/09\/carretera-austral-3e-partie-parc-pumalin\/\"},\"wordCount\":3217,\"publisher\":{\"@id\":\"https:\/\/blog.terredepaysages.fr\/#organization\"},\"image\":{\"@id\":\"https:\/\/blog.terredepaysages.fr\/index.php\/2024\/04\/09\/carretera-austral-3e-partie-parc-pumalin\/#primaryimage\"},\"thumbnailUrl\":\"https:\/\/blog.terredepaysages.fr\/wp-content\/uploads\/2024\/04\/Carretera-Austral-3-Fin-51-1-scaled.jpg\",\"keywords\":[\"Chili\",\"rando\",\"velo\"],\"articleSection\":[\"Chili\",\"Rando\",\"V\u00e9lo\"],\"inLanguage\":\"fr-FR\"},{\"@type\":\"WebPage\",\"@id\":\"https:\/\/blog.terredepaysages.fr\/index.php\/2024\/04\/09\/carretera-austral-3e-partie-parc-pumalin\/\",\"url\":\"https:\/\/blog.terredepaysages.fr\/index.php\/2024\/04\/09\/carretera-austral-3e-partie-parc-pumalin\/\",\"name\":\"17. Carretera Austral 3e partie (Parc Pumalin) - Terre de Paysages\",\"isPartOf\":{\"@id\":\"https:\/\/blog.terredepaysages.fr\/#website\"},\"primaryImageOfPage\":{\"@id\":\"https:\/\/blog.terredepaysages.fr\/index.php\/2024\/04\/09\/carretera-austral-3e-partie-parc-pumalin\/#primaryimage\"},\"image\":{\"@id\":\"https:\/\/blog.terredepaysages.fr\/index.php\/2024\/04\/09\/carretera-austral-3e-partie-parc-pumalin\/#primaryimage\"},\"thumbnailUrl\":\"https:\/\/blog.terredepaysages.fr\/wp-content\/uploads\/2024\/04\/Carretera-Austral-3-Fin-51-1-scaled.jpg\",\"datePublished\":\"2024-04-09T09:52:42+00:00\",\"dateModified\":\"2024-07-31T10:02:14+00:00\",\"description\":\"Des for\u00eats humides temp\u00e9r\u00e9es au bord de c\u00f4tes ensoleill\u00e9es.\",\"breadcrumb\":{\"@id\":\"https:\/\/blog.terredepaysages.fr\/index.php\/2024\/04\/09\/carretera-austral-3e-partie-parc-pumalin\/#breadcrumb\"},\"inLanguage\":\"fr-FR\",\"potentialAction\":[{\"@type\":\"ReadAction\",\"target\":[\"https:\/\/blog.terredepaysages.fr\/index.php\/2024\/04\/09\/carretera-austral-3e-partie-parc-pumalin\/\"]}]},{\"@type\":\"ImageObject\",\"inLanguage\":\"fr-FR\",\"@id\":\"https:\/\/blog.terredepaysages.fr\/index.php\/2024\/04\/09\/carretera-austral-3e-partie-parc-pumalin\/#primaryimage\",\"url\":\"https:\/\/blog.terredepaysages.fr\/wp-content\/uploads\/2024\/04\/Carretera-Austral-3-Fin-51-1-scaled.jpg\",\"contentUrl\":\"https:\/\/blog.terredepaysages.fr\/wp-content\/uploads\/2024\/04\/Carretera-Austral-3-Fin-51-1-scaled.jpg\",\"width\":2560,\"height\":1920},{\"@type\":\"BreadcrumbList\",\"@id\":\"https:\/\/blog.terredepaysages.fr\/index.php\/2024\/04\/09\/carretera-austral-3e-partie-parc-pumalin\/#breadcrumb\",\"itemListElement\":[{\"@type\":\"ListItem\",\"position\":1,\"name\":\"Accueil\",\"item\":\"https:\/\/blog.terredepaysages.fr\/\"},{\"@type\":\"ListItem\",\"position\":2,\"name\":\"17. Carretera Austral 3e partie (Parc Pumalin)\"}]},{\"@type\":\"WebSite\",\"@id\":\"https:\/\/blog.terredepaysages.fr\/#website\",\"url\":\"https:\/\/blog.terredepaysages.fr\/\",\"name\":\"Terre de Paysages\",\"description\":\"Un an \u00e0 v\u00e9lo en famille de la Patagonie \u00e0 la Bolivie\",\"publisher\":{\"@id\":\"https:\/\/blog.terredepaysages.fr\/#organization\"},\"potentialAction\":[{\"@type\":\"SearchAction\",\"target\":{\"@type\":\"EntryPoint\",\"urlTemplate\":\"https:\/\/blog.terredepaysages.fr\/?s={search_term_string}\"},\"query-input\":{\"@type\":\"PropertyValueSpecification\",\"valueRequired\":true,\"valueName\":\"search_term_string\"}}],\"inLanguage\":\"fr-FR\"},{\"@type\":\"Organization\",\"@id\":\"https:\/\/blog.terredepaysages.fr\/#organization\",\"name\":\"Terre de Paysages\",\"url\":\"https:\/\/blog.terredepaysages.fr\/\",\"logo\":{\"@type\":\"ImageObject\",\"inLanguage\":\"fr-FR\",\"@id\":\"https:\/\/blog.terredepaysages.fr\/#\/schema\/logo\/image\/\",\"url\":\"https:\/\/blog.terredepaysages.fr\/wp-content\/uploads\/2023\/08\/1-Perou-31-carre.jpg\",\"contentUrl\":\"https:\/\/blog.terredepaysages.fr\/wp-content\/uploads\/2023\/08\/1-Perou-31-carre.jpg\",\"width\":760,\"height\":760,\"caption\":\"Terre de Paysages\"},\"image\":{\"@id\":\"https:\/\/blog.terredepaysages.fr\/#\/schema\/logo\/image\/\"}},{\"@type\":\"Person\",\"@id\":\"https:\/\/blog.terredepaysages.fr\/#\/schema\/person\/c8d144d26e488663688e0e7a91d9e7a0\",\"name\":\"Terre de Paysages\",\"image\":{\"@type\":\"ImageObject\",\"inLanguage\":\"fr-FR\",\"@id\":\"https:\/\/blog.terredepaysages.fr\/#\/schema\/person\/image\/\",\"url\":\"https:\/\/secure.gravatar.com\/avatar\/65087b742f3ab4dbc99d3b0a469e939a355d6cc293ff0612aebbbb34ebbd0a65?s=96&d=mm&r=g\",\"contentUrl\":\"https:\/\/secure.gravatar.com\/avatar\/65087b742f3ab4dbc99d3b0a469e939a355d6cc293ff0612aebbbb34ebbd0a65?s=96&d=mm&r=g\",\"caption\":\"Terre de Paysages\"},\"description\":\"Un an en famille \u00e0 v\u00e9lo et en rando de la Patagonie en Bolivie\",\"sameAs\":[\"http:\/\/blog.terredepaysages.fr\"],\"url\":\"https:\/\/blog.terredepaysages.fr\/index.php\/author\/admin1626\/\"}]}<\/script>\n<!-- \/ Yoast SEO plugin. -->","yoast_head_json":{"title":"17. Carretera Austral 3e partie (Parc Pumalin) - Terre de Paysages","description":"Des for\u00eats humides temp\u00e9r\u00e9es au bord de c\u00f4tes ensoleill\u00e9es.","robots":{"index":"index","follow":"follow","max-snippet":"max-snippet:-1","max-image-preview":"max-image-preview:large","max-video-preview":"max-video-preview:-1"},"canonical":"https:\/\/blog.terredepaysages.fr\/index.php\/2024\/04\/09\/carretera-austral-3e-partie-parc-pumalin\/","og_locale":"fr_FR","og_type":"article","og_title":"17. Carretera Austral 3e partie (Parc Pumalin) - Terre de Paysages","og_description":"Des for\u00eats humides temp\u00e9r\u00e9es au bord de c\u00f4tes ensoleill\u00e9es.","og_url":"https:\/\/blog.terredepaysages.fr\/index.php\/2024\/04\/09\/carretera-austral-3e-partie-parc-pumalin\/","og_site_name":"Terre de Paysages","article_published_time":"2024-04-09T09:52:42+00:00","article_modified_time":"2024-07-31T10:02:14+00:00","og_image":[{"width":2560,"height":1920,"url":"https:\/\/blog.terredepaysages.fr\/wp-content\/uploads\/2024\/04\/Carretera-Austral-3-Fin-51-1-scaled.jpg","type":"image\/jpeg"}],"author":"Terre de Paysages","twitter_card":"summary_large_image","twitter_misc":{"\u00c9crit par":"Terre de Paysages","Dur\u00e9e de lecture estim\u00e9e":"12 minutes"},"schema":{"@context":"https:\/\/schema.org","@graph":[{"@type":"Article","@id":"https:\/\/blog.terredepaysages.fr\/index.php\/2024\/04\/09\/carretera-austral-3e-partie-parc-pumalin\/#article","isPartOf":{"@id":"https:\/\/blog.terredepaysages.fr\/index.php\/2024\/04\/09\/carretera-austral-3e-partie-parc-pumalin\/"},"author":{"name":"Terre de Paysages","@id":"https:\/\/blog.terredepaysages.fr\/#\/schema\/person\/c8d144d26e488663688e0e7a91d9e7a0"},"headline":"17. Carretera Austral 3e partie (Parc Pumalin)","datePublished":"2024-04-09T09:52:42+00:00","dateModified":"2024-07-31T10:02:14+00:00","mainEntityOfPage":{"@id":"https:\/\/blog.terredepaysages.fr\/index.php\/2024\/04\/09\/carretera-austral-3e-partie-parc-pumalin\/"},"wordCount":3217,"publisher":{"@id":"https:\/\/blog.terredepaysages.fr\/#organization"},"image":{"@id":"https:\/\/blog.terredepaysages.fr\/index.php\/2024\/04\/09\/carretera-austral-3e-partie-parc-pumalin\/#primaryimage"},"thumbnailUrl":"https:\/\/blog.terredepaysages.fr\/wp-content\/uploads\/2024\/04\/Carretera-Austral-3-Fin-51-1-scaled.jpg","keywords":["Chili","rando","velo"],"articleSection":["Chili","Rando","V\u00e9lo"],"inLanguage":"fr-FR"},{"@type":"WebPage","@id":"https:\/\/blog.terredepaysages.fr\/index.php\/2024\/04\/09\/carretera-austral-3e-partie-parc-pumalin\/","url":"https:\/\/blog.terredepaysages.fr\/index.php\/2024\/04\/09\/carretera-austral-3e-partie-parc-pumalin\/","name":"17. Carretera Austral 3e partie (Parc Pumalin) - Terre de Paysages","isPartOf":{"@id":"https:\/\/blog.terredepaysages.fr\/#website"},"primaryImageOfPage":{"@id":"https:\/\/blog.terredepaysages.fr\/index.php\/2024\/04\/09\/carretera-austral-3e-partie-parc-pumalin\/#primaryimage"},"image":{"@id":"https:\/\/blog.terredepaysages.fr\/index.php\/2024\/04\/09\/carretera-austral-3e-partie-parc-pumalin\/#primaryimage"},"thumbnailUrl":"https:\/\/blog.terredepaysages.fr\/wp-content\/uploads\/2024\/04\/Carretera-Austral-3-Fin-51-1-scaled.jpg","datePublished":"2024-04-09T09:52:42+00:00","dateModified":"2024-07-31T10:02:14+00:00","description":"Des for\u00eats humides temp\u00e9r\u00e9es au bord de c\u00f4tes ensoleill\u00e9es.","breadcrumb":{"@id":"https:\/\/blog.terredepaysages.fr\/index.php\/2024\/04\/09\/carretera-austral-3e-partie-parc-pumalin\/#breadcrumb"},"inLanguage":"fr-FR","potentialAction":[{"@type":"ReadAction","target":["https:\/\/blog.terredepaysages.fr\/index.php\/2024\/04\/09\/carretera-austral-3e-partie-parc-pumalin\/"]}]},{"@type":"ImageObject","inLanguage":"fr-FR","@id":"https:\/\/blog.terredepaysages.fr\/index.php\/2024\/04\/09\/carretera-austral-3e-partie-parc-pumalin\/#primaryimage","url":"https:\/\/blog.terredepaysages.fr\/wp-content\/uploads\/2024\/04\/Carretera-Austral-3-Fin-51-1-scaled.jpg","contentUrl":"https:\/\/blog.terredepaysages.fr\/wp-content\/uploads\/2024\/04\/Carretera-Austral-3-Fin-51-1-scaled.jpg","width":2560,"height":1920},{"@type":"BreadcrumbList","@id":"https:\/\/blog.terredepaysages.fr\/index.php\/2024\/04\/09\/carretera-austral-3e-partie-parc-pumalin\/#breadcrumb","itemListElement":[{"@type":"ListItem","position":1,"name":"Accueil","item":"https:\/\/blog.terredepaysages.fr\/"},{"@type":"ListItem","position":2,"name":"17. Carretera Austral 3e partie (Parc Pumalin)"}]},{"@type":"WebSite","@id":"https:\/\/blog.terredepaysages.fr\/#website","url":"https:\/\/blog.terredepaysages.fr\/","name":"Terre de Paysages","description":"Un an \u00e0 v\u00e9lo en famille de la Patagonie \u00e0 la Bolivie","publisher":{"@id":"https:\/\/blog.terredepaysages.fr\/#organization"},"potentialAction":[{"@type":"SearchAction","target":{"@type":"EntryPoint","urlTemplate":"https:\/\/blog.terredepaysages.fr\/?s={search_term_string}"},"query-input":{"@type":"PropertyValueSpecification","valueRequired":true,"valueName":"search_term_string"}}],"inLanguage":"fr-FR"},{"@type":"Organization","@id":"https:\/\/blog.terredepaysages.fr\/#organization","name":"Terre de Paysages","url":"https:\/\/blog.terredepaysages.fr\/","logo":{"@type":"ImageObject","inLanguage":"fr-FR","@id":"https:\/\/blog.terredepaysages.fr\/#\/schema\/logo\/image\/","url":"https:\/\/blog.terredepaysages.fr\/wp-content\/uploads\/2023\/08\/1-Perou-31-carre.jpg","contentUrl":"https:\/\/blog.terredepaysages.fr\/wp-content\/uploads\/2023\/08\/1-Perou-31-carre.jpg","width":760,"height":760,"caption":"Terre de Paysages"},"image":{"@id":"https:\/\/blog.terredepaysages.fr\/#\/schema\/logo\/image\/"}},{"@type":"Person","@id":"https:\/\/blog.terredepaysages.fr\/#\/schema\/person\/c8d144d26e488663688e0e7a91d9e7a0","name":"Terre de Paysages","image":{"@type":"ImageObject","inLanguage":"fr-FR","@id":"https:\/\/blog.terredepaysages.fr\/#\/schema\/person\/image\/","url":"https:\/\/secure.gravatar.com\/avatar\/65087b742f3ab4dbc99d3b0a469e939a355d6cc293ff0612aebbbb34ebbd0a65?s=96&d=mm&r=g","contentUrl":"https:\/\/secure.gravatar.com\/avatar\/65087b742f3ab4dbc99d3b0a469e939a355d6cc293ff0612aebbbb34ebbd0a65?s=96&d=mm&r=g","caption":"Terre de Paysages"},"description":"Un an en famille \u00e0 v\u00e9lo et en rando de la Patagonie en Bolivie","sameAs":["http:\/\/blog.terredepaysages.fr"],"url":"https:\/\/blog.terredepaysages.fr\/index.php\/author\/admin1626\/"}]}},"_links":{"self":[{"href":"https:\/\/blog.terredepaysages.fr\/index.php\/wp-json\/wp\/v2\/posts\/2826","targetHints":{"allow":["GET"]}}],"collection":[{"href":"https:\/\/blog.terredepaysages.fr\/index.php\/wp-json\/wp\/v2\/posts"}],"about":[{"href":"https:\/\/blog.terredepaysages.fr\/index.php\/wp-json\/wp\/v2\/types\/post"}],"author":[{"embeddable":true,"href":"https:\/\/blog.terredepaysages.fr\/index.php\/wp-json\/wp\/v2\/users\/1"}],"replies":[{"embeddable":true,"href":"https:\/\/blog.terredepaysages.fr\/index.php\/wp-json\/wp\/v2\/comments?post=2826"}],"version-history":[{"count":0,"href":"https:\/\/blog.terredepaysages.fr\/index.php\/wp-json\/wp\/v2\/posts\/2826\/revisions"}],"wp:featuredmedia":[{"embeddable":true,"href":"https:\/\/blog.terredepaysages.fr\/index.php\/wp-json\/wp\/v2\/media\/2836"}],"wp:attachment":[{"href":"https:\/\/blog.terredepaysages.fr\/index.php\/wp-json\/wp\/v2\/media?parent=2826"}],"wp:term":[{"taxonomy":"category","embeddable":true,"href":"https:\/\/blog.terredepaysages.fr\/index.php\/wp-json\/wp\/v2\/categories?post=2826"},{"taxonomy":"post_tag","embeddable":true,"href":"https:\/\/blog.terredepaysages.fr\/index.php\/wp-json\/wp\/v2\/tags?post=2826"}],"curies":[{"name":"wp","href":"https:\/\/api.w.org\/{rel}","templated":true}]}}