{"id":1115,"date":"2023-12-19T17:13:30","date_gmt":"2023-12-19T16:13:30","guid":{"rendered":"https:\/\/blog.terredepaysages.fr\/?p=1115"},"modified":"2024-02-11T21:10:03","modified_gmt":"2024-02-11T20:10:03","slug":"tierra-del-fuego","status":"publish","type":"post","link":"https:\/\/blog.terredepaysages.fr\/index.php\/2023\/12\/19\/tierra-del-fuego\/","title":{"rendered":"9. Terre de Feu"},"content":{"rendered":"<p>[et_pb_section fb_built=\u00a0\u00bb1&Prime; _builder_version=\u00a0\u00bb4.22.1&Prime; _module_preset=\u00a0\u00bbdefault\u00a0\u00bb custom_padding=\u00a0\u00bb0px||7px||false|false\u00a0\u00bb global_colors_info=\u00a0\u00bb{}\u00a0\u00bb][et_pb_row _builder_version=\u00a0\u00bb4.22.1&Prime; _module_preset=\u00a0\u00bbdefault\u00a0\u00bb global_colors_info=\u00a0\u00bb{}\u00a0\u00bb][et_pb_column type=\u00a0\u00bb4_4&Prime; _builder_version=\u00a0\u00bb4.22.1&Prime; _module_preset=\u00a0\u00bbdefault\u00a0\u00bb global_colors_info=\u00a0\u00bb{}\u00a0\u00bb][et_pb_text _builder_version=\u00a0\u00bb4.24.0&Prime; _module_preset=\u00a0\u00bbdefault\u00a0\u00bb global_colors_info=\u00a0\u00bb{}\u00a0\u00bb]<\/p>\n<p lang=\"fr-FR\" style=\"margin-bottom: 0cm;\">Dimanche 3 d\u00e9cembre. D\u00e9part pour Porvenir. Faux d\u00e9part. Le ferry est complet. <span lang=\"en-US\">Nous commen\u00e7ons<\/span> \u00e0 <span lang=\"en-US\">nous <\/span>installer dans le terminal vide tout passager. S\u00e9chage du linge devant les radiateurs, \u00e9cole sur les bancs, rep\u00e9rage de la pelouse pour planter la tente ce soir, quand Nato passe nous voir. Retour \u00e0 la maison! Bonheur d&rsquo;un dernier tour \u00e0 la piscine. Humm, l&rsquo;eau chaude.<\/p>\n<p lang=\"fr-FR\" style=\"margin-bottom: 0cm;\">Lundi 4 d\u00e9cembre. Vrai d\u00e9part (nous avons nos billets cette fois!). Travers\u00e9e du d\u00e9troit de Magellan sous un ciel incroyable! Les nuages qui se forment sur les montagnes avant de venir sur la mer transforment le ciel en un tableau magnifique. Sur le bateau deux autres cyclos : Annie et Pascale, partie du Canada, ils sont en route pour Ushua\u00efa.<\/p>\n<p lang=\"fr-FR\" style=\"margin-bottom: 0cm;\">Nous posons les pieds en Terre de Feu, Il vente. De plus en plus fort. La c\u00f4te est belle. Le vent nous aide sur ce ripio pas facile. Virage au nord. Aille \u00e7a se corse. J&rsquo;essaie de prot\u00e9ger Leila des bourrasques, tout en essayant de ne pas me projeter sur elle. Pas facile. Ni pour l&rsquo;une, ni pour l&rsquo;autre. Le soir arrive. Le vent ne faiblit pas. Pas vraiment d&rsquo;endroit o\u00f9 planter la tente ici, pas vraiment d&rsquo;eau non plus. Nous sautons la barri\u00e8re d&rsquo;une estancia vide d&rsquo;habitants. Flo va demander de l&rsquo;eau au voisin. Un cochon pend \u00e0 un crochet. Une dizaine de chiens lui sautent dessus. Le gars est entier. Comme cette terre. Il nous donne le peu d&rsquo;eau qu&rsquo;il lui reste de sa derni\u00e8re vir\u00e9e \u00e0 Porvenir. Apr\u00e8s maintes tergiversations, nous d\u00e9cidons de nous mettre \u00e0 l&rsquo;abri contre un des murs de l&rsquo;estancia. Si les proprios d\u00e9barquent, nous leur expliquerons qu&rsquo;il n&rsquo;y avait pas vraiment le choix&#8230;<\/p>\n<p>[\/et_pb_text][\/et_pb_column][\/et_pb_row][et_pb_row column_structure=\u00a0\u00bb1_3,2_3&Prime; _builder_version=\u00a0\u00bb4.23.1&Prime; _module_preset=\u00a0\u00bbdefault\u00a0\u00bb custom_padding=\u00a0\u00bb||9px|||\u00a0\u00bb global_colors_info=\u00a0\u00bb{}\u00a0\u00bb][et_pb_column type=\u00a0\u00bb1_3&Prime; _builder_version=\u00a0\u00bb4.22.1&Prime; _module_preset=\u00a0\u00bbdefault\u00a0\u00bb global_colors_info=\u00a0\u00bb{}\u00a0\u00bb][et_pb_image src=\u00a0\u00bbhttps:\/\/blog.terredepaysages.fr\/wp-content\/uploads\/2023\/12\/Tierra-del-fuego-03.jpg\u00a0\u00bb title_text=\u00a0\u00bbTierra del fuego (03)\u00a0\u00bb _builder_version=\u00a0\u00bb4.24.0&Prime; _module_preset=\u00a0\u00bbdefault\u00a0\u00bb global_colors_info=\u00a0\u00bb{}\u00a0\u00bb][\/et_pb_image][et_pb_image src=\u00a0\u00bbhttps:\/\/blog.terredepaysages.fr\/wp-content\/uploads\/2023\/12\/Tierra-del-fuego-22.jpg\u00a0\u00bb title_text=\u00a0\u00bbTierra del fuego (22)\u00a0\u00bb _builder_version=\u00a0\u00bb4.24.0&Prime; _module_preset=\u00a0\u00bbdefault\u00a0\u00bb global_colors_info=\u00a0\u00bb{}\u00a0\u00bb][\/et_pb_image][\/et_pb_column][et_pb_column type=\u00a0\u00bb2_3&Prime; _builder_version=\u00a0\u00bb4.22.1&Prime; _module_preset=\u00a0\u00bbdefault\u00a0\u00bb global_colors_info=\u00a0\u00bb{}\u00a0\u00bb][et_pb_image src=\u00a0\u00bbhttps:\/\/blog.terredepaysages.fr\/wp-content\/uploads\/2023\/12\/Tierra-del-fuego-09.jpg\u00a0\u00bb title_text=\u00a0\u00bbTierra del fuego (09)\u00a0\u00bb _builder_version=\u00a0\u00bb4.24.0&Prime; _module_preset=\u00a0\u00bbdefault\u00a0\u00bb global_colors_info=\u00a0\u00bb{}\u00a0\u00bb][\/et_pb_image][\/et_pb_column][\/et_pb_row][\/et_pb_section][et_pb_section fb_built=\u00a0\u00bb1&Prime; _builder_version=\u00a0\u00bb4.22.1&Prime; _module_preset=\u00a0\u00bbdefault\u00a0\u00bb custom_padding=\u00a0\u00bb6px||8px|||\u00a0\u00bb global_colors_info=\u00a0\u00bb{}\u00a0\u00bb][et_pb_row _builder_version=\u00a0\u00bb4.22.1&Prime; _module_preset=\u00a0\u00bbdefault\u00a0\u00bb custom_padding=\u00a0\u00bb6px|||||\u00a0\u00bb global_colors_info=\u00a0\u00bb{}\u00a0\u00bb][et_pb_column type=\u00a0\u00bb4_4&Prime; _builder_version=\u00a0\u00bb4.22.1&Prime; _module_preset=\u00a0\u00bbdefault\u00a0\u00bb global_colors_info=\u00a0\u00bb{}\u00a0\u00bb][et_pb_text _builder_version=\u00a0\u00bb4.24.0&Prime; _module_preset=\u00a0\u00bbdefault\u00a0\u00bb global_colors_info=\u00a0\u00bb{}\u00a0\u00bb]<\/p>\n<p lang=\"fr-FR\" style=\"margin-bottom: 0cm;\">Nous nous r\u00e9veillons. Soleil. Nous nous pr\u00e9parons. La pluie commence \u00e0 tomber. Flo sort. Grand ciel bleu, mais de la neige au pied de la tente. Nous plions l\u2019int\u00e9rieur, il se remet \u00e0 pluineger. Nous d\u00e9jeunons sous la tente, grand bleu. C&rsquo;est \u00e0 ne rien y comprendre. Une chose est s\u00fbre, le vent, lui, est toujours l\u00e0! Il ne nous quitte pas de la journ\u00e9e. Il est plut\u00f4t de dos et avec une moyenne de 70\/80 km\/h, on arrive \u00e0 faire des pointes \u00e0 30 km\/h sur le ripio sans p\u00e9daler! C&rsquo;est cool! Mais fatigant et on ne quitte pas les doudounes de la journ\u00e9e.<\/p>\n<p lang=\"fr-FR\" style=\"margin-bottom: 0cm;\">Apr\u00e8s 110 km de piste, \u00e7a y&rsquo;est nous rejoignons l&rsquo;asphalte ! Enfin le refuge du carrefour. Un abri construit sous le gouvernement Bachelet. A l&rsquo;origine, il y avait tables, bancs, \u00e9tage o\u00f9 dormir \u00e0 deux (ou quatre un peu serre), toilettes s\u00e8ches et m\u00eame un po\u00eale! Aujourd\u2019hui, la plupart de ces refuges ont \u00e9t\u00e9 vandalis\u00e9s, certains sont inutilisables, d&rsquo;autres continuent d&rsquo;accueillir les cyclos en manque d&rsquo;abri prot\u00e9g\u00e9 du vent. C&rsquo;est notre cas ce soir. On en profite pour \u00e9duquer les automobilistes qui viennent se soulager \u00e0 l&rsquo;abri du vent contre le mur du refuge&#8230;<\/p>\n<p style=\"margin-bottom: 0cm;\">\n<p lang=\"fr-FR\" style=\"margin-bottom: 0cm;\">Mardi 6 d\u00e9cembre. Aujourd&rsquo;hui nous avons d\u00e9cid\u00e9 d&rsquo;aller voir les pingouins, enfin les manchots. \u201cPetit\u201d aller-retour de 15 km sur piste. Facile, si il n&rsquo;y avait pas ce bbrrr de vent ! Du coup, on se l\u00e8ve t\u00f4t car on sait que ce ne sera pas facile justement, et \u00e7a ne l&rsquo;est pas. Vent de face, de c\u00f4t\u00e9. Leila chute plusieurs fois. Elle maudit le vent (et sans doute aussi ses parents&#8230;). Nous finissons par arriver en avance pour la visite et nous nous abritons derri\u00e8re la porte ferm\u00e9e (le proprio du terrain sur lequel se sont install\u00e9s les manchots a cl\u00f4tur\u00e9 les lieux pour prot\u00e9ger les bestiaux et organise des visites guid\u00e9es d&rsquo;une heure top chrono). La porte s&rsquo;ouvre, lavage des semelles pour ne pas contaminer les lieux&#8230; Et \u00e7a y&rsquo;est nous voyons ces fameux pinguinos. Ils sont beaux ! Normal ce sont des rois. Ils ressemblent aux empereurs, mais contrairement \u00e0 leurs cousins, ils ne vivent pas en Antarctique. Les ados sont en pleine mue. Ils se font rabrouer par les adultes quand ils essayent d\u2019int\u00e9grer les groupes de paroles. Un petit groupe part \u00e0 la p\u00eache, cahin-caha, vers la plage. \u00c7a vente, \u00e7a caille. Nous nous demandons quand m\u00eame ce qu&rsquo;ils fichent l\u00e0! Mais nous, nous sommes bien contents d&rsquo;avoir r\u00e9ussi \u00e0 venir jusqu&rsquo;ici pour les voir !<\/p>\n<p lang=\"fr-FR\" style=\"margin-bottom: 0cm;\">Retour avec le vent, un poil plus aidant, mais ce n&rsquo;est pas non plus la f\u00eate. Nouvelles chutes sous le regard des guanacos. Ouf, retour au refuge et \u2026 arriv\u00e9e sur le goudron!<\/p>\n<p lang=\"fr-FR\" style=\"margin-bottom: 0cm;\">Cap \u00e0 l&rsquo;est, vent de dos ! \u00c7a file comme jamais ! Pas de trafic (nous apprendrons plus tard qu&rsquo;\u00e0 cause du vent, les ferrys n&rsquo;ont pas pu faire les travers\u00e9es pour la Terre de Feu ce jour-l\u00e0), les guanacos broutent tranquilles sous le soleil, la pampa se pare de magnifiques couleurs. Nous faisons du <span lang=\"en-US\">35km<\/span>\/h sur le plat sans donner un coup de p\u00e9dale ! Le r\u00eave!! Pause go\u00fbter tardive dans un nouveau refuge, seul abri possible avant la fronti\u00e8re \u00e0 30 km. On reste? On continue? Deux cyclos arrivent, Paul le polonais et Brice le breton, ils arrivent de Provenir, partis \u00e0 11h30 ce matin, nous en sommes \u00e0 notre troisi\u00e8me jours&#8230; C&rsquo;est d\u00e9cid\u00e9, on continue! C&rsquo;est magique. Les enfants se prennent pour des supers h\u00e9ros avec leurs VEE, v\u00e9los \u00e0 \u00e9nergie \u00e9olienne ! C&rsquo;est trop coooool le v\u00e9lo!<\/p>\n<p lang=\"fr-FR\" style=\"margin-bottom: 0cm;\">Arriv\u00e9e au poste frontalier argentin. Le gendarme : \u201cl&rsquo;hosteria c&rsquo;est par ici, la salle d&rsquo;attente, gratuite, chauff\u00e9e avec cuisini\u00e8re et douche chaude c&rsquo;est par l\u00e0, vous pouvez laisser vos v\u00e9los dehors, on est l\u00e0 toute la nuit\u201d, \u201cEt pour les papiers?\u201d \u201cha oui, c&rsquo;est par ici\u201d. 10 ans apr\u00e8s, les souvenirs reviennent. D\u00e9j\u00e0 \u00e0 l&rsquo;\u00e9poque la douche des filles ne fonctionnait pas, celle des gars fermait <span lang=\"en-US\">mal. Le<\/span> bonheur d&rsquo;avoir un endroit au chaud apr\u00e8s tant de froid est toujours le m\u00eame. C\u00e9lestin nous dit : \u201cce matin je m\u2019imaginais un camion <span lang=\"en-US\">vide <\/span>pour transporter les brebis. Hop, on met les v\u00e9los dedans, contre les bottes de paille. Il nous emm\u00e8ne aux manchots et on revient au carrefour avec. Sauf que \u00e7a c&rsquo;est pas pass\u00e9 comme pr\u00e9vu.\u201d Et non, nous avons fait pr\u00e8s de 90 km, dont 30 km de ripio abominable et 60 km de pure bonheur !<\/p>\n<p lang=\"fr-FR\" style=\"margin-bottom: 0cm;\">Fou rire en voyant des prises au plafond de la salle d&rsquo;attente : \u201cComment ils font pour recharger leur t\u00e9l\u00e9phone ? Ils sautent? Ils appellent les pompiers?\u201d<\/p>\n<p>[\/et_pb_text][\/et_pb_column][\/et_pb_row][et_pb_row column_structure=\u00a0\u00bb2_3,1_3&Prime; _builder_version=\u00a0\u00bb4.22.1&Prime; _module_preset=\u00a0\u00bbdefault\u00a0\u00bb global_colors_info=\u00a0\u00bb{}\u00a0\u00bb][et_pb_column type=\u00a0\u00bb2_3&Prime; _builder_version=\u00a0\u00bb4.22.1&Prime; _module_preset=\u00a0\u00bbdefault\u00a0\u00bb global_colors_info=\u00a0\u00bb{}\u00a0\u00bb][et_pb_image src=\u00a0\u00bbhttps:\/\/blog.terredepaysages.fr\/wp-content\/uploads\/2023\/12\/Tierra-del-fuego-43.jpg\u00a0\u00bb title_text=\u00a0\u00bbTierra del fuego (43)\u00a0\u00bb _builder_version=\u00a0\u00bb4.24.0&Prime; _module_preset=\u00a0\u00bbdefault\u00a0\u00bb global_colors_info=\u00a0\u00bb{}\u00a0\u00bb][\/et_pb_image][\/et_pb_column][et_pb_column type=\u00a0\u00bb1_3&Prime; _builder_version=\u00a0\u00bb4.22.1&Prime; _module_preset=\u00a0\u00bbdefault\u00a0\u00bb global_colors_info=\u00a0\u00bb{}\u00a0\u00bb][et_pb_image src=\u00a0\u00bbhttps:\/\/blog.terredepaysages.fr\/wp-content\/uploads\/2023\/12\/Tierra-del-fuego-40.jpg\u00a0\u00bb title_text=\u00a0\u00bbTierra del fuego (40)\u00a0\u00bb _builder_version=\u00a0\u00bb4.24.0&Prime; _module_preset=\u00a0\u00bbdefault\u00a0\u00bb global_colors_info=\u00a0\u00bb{}\u00a0\u00bb][\/et_pb_image][et_pb_image src=\u00a0\u00bbhttps:\/\/blog.terredepaysages.fr\/wp-content\/uploads\/2023\/12\/Tierra-del-fuego-28-scaled.jpg\u00a0\u00bb title_text=\u00a0\u00bbTierra del fuego (28)\u00a0\u00bb _builder_version=\u00a0\u00bb4.24.0&Prime; _module_preset=\u00a0\u00bbdefault\u00a0\u00bb global_colors_info=\u00a0\u00bb{}\u00a0\u00bb][\/et_pb_image][\/et_pb_column][\/et_pb_row][\/et_pb_section][et_pb_section fb_built=\u00a0\u00bb1&Prime; _builder_version=\u00a0\u00bb4.22.1&Prime; _module_preset=\u00a0\u00bbdefault\u00a0\u00bb custom_padding=\u00a0\u00bb6px||10px|||\u00a0\u00bb global_colors_info=\u00a0\u00bb{}\u00a0\u00bb][et_pb_row _builder_version=\u00a0\u00bb4.22.1&Prime; _module_preset=\u00a0\u00bbdefault\u00a0\u00bb custom_padding=\u00a0\u00bb6px|||||\u00a0\u00bb global_colors_info=\u00a0\u00bb{}\u00a0\u00bb][et_pb_column type=\u00a0\u00bb4_4&Prime; _builder_version=\u00a0\u00bb4.22.1&Prime; _module_preset=\u00a0\u00bbdefault\u00a0\u00bb global_colors_info=\u00a0\u00bb{}\u00a0\u00bb][et_pb_text _builder_version=\u00a0\u00bb4.24.0&Prime; _module_preset=\u00a0\u00bbdefault\u00a0\u00bb global_colors_info=\u00a0\u00bb{}\u00a0\u00bb]<\/p>\n<p lang=\"fr-FR\" style=\"margin-bottom: 0cm;\">Le lendemain, le vent aide toujours et la circulation est toujours aussi faible. <span lang=\"en-US\">Nous pouvons nous <\/span>amuser, discuter c\u00f4te \u00e0 c\u00f4te, faire des travellings sans les mains, regarder les puits de p\u00e9trole diss\u00e9min\u00e9s dans la pampa, les gazoducs qui la traversent. <span lang=\"en-US\">Puis on arrive dans la ville, la grande, Rio Grande. C&rsquo;est la f\u00eate de l&rsquo;illumination de l&rsquo;arbre, avec jeux, concerts, churros. Les enfants sont perdus ! Trop de contraste avec les derniers jours. L&rsquo;arbre en question est celui de no\u00ebl. Un sapin. Comme il n&rsquo;y en a pas ici, chaque ville et chaque village en fabrique un avec des guirlandes accroch\u00e9es \u00e0 un poteau central. D\u2019o\u00f9 l&rsquo;illumination de l&rsquo;arbre. Nous en voyons aussi en bouteilles, pneus, planches, etc. Et alors que nous sommes cens\u00e9s \u00eatre en plein \u00e9t\u00e9, il y a des bonnets rouges et des bonhommes de neige un peu partout. Vive la mondialisation ! <\/span><\/p>\n<p lang=\"en-US\" style=\"margin-bottom: 0cm;\">Mais ce soir nous ne restons pas. L&rsquo;illumination se fait \u00e0 la tomb\u00e9e de la nuit, et la nuit elle tombe bien trop tard sous ces latitudes. Nous filons chez Jose, notre h\u00f4te ici. Nous n&rsquo;avions pas bien compris, mais Jose habite chez sa compagne et laisse sa petite maison aux cyclos de passage. Et des cyclos, il y en a un paquet qui passent par ici ! Certains ont m\u00eame tendance \u00e0 rester un peu plus que de raisons, sans forc\u00e9ment s&rsquo;occuper de la maison&#8230; Les enfants d\u00e9couvrent l&rsquo;ambiance \u201ccasa de ciclista\u201d. Nous serons 11 le dernier soir autour de l&rsquo;asado, \u00e0 venir d&rsquo;un peu partout : Espagne, Canada, Chili, Argentine, France. Il y a ceux qui vont au nord, ceux qui vont au sud.<\/p>\n<p>[\/et_pb_text][\/et_pb_column][\/et_pb_row][et_pb_row column_structure=\u00a0\u00bb1_3,2_3&Prime; _builder_version=\u00a0\u00bb4.22.1&Prime; _module_preset=\u00a0\u00bbdefault\u00a0\u00bb global_colors_info=\u00a0\u00bb{}\u00a0\u00bb][et_pb_column type=\u00a0\u00bb1_3&Prime; _builder_version=\u00a0\u00bb4.22.1&Prime; _module_preset=\u00a0\u00bbdefault\u00a0\u00bb global_colors_info=\u00a0\u00bb{}\u00a0\u00bb][et_pb_image src=\u00a0\u00bbhttps:\/\/blog.terredepaysages.fr\/wp-content\/uploads\/2023\/12\/Tierra-del-fuego-54.jpg\u00a0\u00bb title_text=\u00a0\u00bbTierra del fuego (54)\u00a0\u00bb _builder_version=\u00a0\u00bb4.24.0&Prime; _module_preset=\u00a0\u00bbdefault\u00a0\u00bb global_colors_info=\u00a0\u00bb{}\u00a0\u00bb][\/et_pb_image][et_pb_image src=\u00a0\u00bbhttps:\/\/blog.terredepaysages.fr\/wp-content\/uploads\/2023\/12\/Tierra-del-fuego-55-scaled.jpg\u00a0\u00bb title_text=\u00a0\u00bbTierra del fuego (55)\u00a0\u00bb _builder_version=\u00a0\u00bb4.24.0&Prime; _module_preset=\u00a0\u00bbdefault\u00a0\u00bb global_colors_info=\u00a0\u00bb{}\u00a0\u00bb][\/et_pb_image][\/et_pb_column][et_pb_column type=\u00a0\u00bb2_3&Prime; _builder_version=\u00a0\u00bb4.22.1&Prime; _module_preset=\u00a0\u00bbdefault\u00a0\u00bb global_colors_info=\u00a0\u00bb{}\u00a0\u00bb][et_pb_image src=\u00a0\u00bbhttps:\/\/blog.terredepaysages.fr\/wp-content\/uploads\/2023\/12\/Tierra-del-fuego-47.jpg\u00a0\u00bb title_text=\u00a0\u00bbTierra del fuego (47)\u00a0\u00bb _builder_version=\u00a0\u00bb4.24.0&Prime; _module_preset=\u00a0\u00bbdefault\u00a0\u00bb global_colors_info=\u00a0\u00bb{}\u00a0\u00bb][\/et_pb_image][\/et_pb_column][\/et_pb_row][\/et_pb_section][et_pb_section fb_built=\u00a0\u00bb1&Prime; _builder_version=\u00a0\u00bb4.22.1&Prime; _module_preset=\u00a0\u00bbdefault\u00a0\u00bb custom_padding=\u00a0\u00bb6px||10px|||\u00a0\u00bb global_colors_info=\u00a0\u00bb{}\u00a0\u00bb][et_pb_row _builder_version=\u00a0\u00bb4.22.1&Prime; _module_preset=\u00a0\u00bbdefault\u00a0\u00bb custom_padding=\u00a0\u00bb6px|||||\u00a0\u00bb global_colors_info=\u00a0\u00bb{}\u00a0\u00bb][et_pb_column type=\u00a0\u00bb4_4&Prime; _builder_version=\u00a0\u00bb4.22.1&Prime; _module_preset=\u00a0\u00bbdefault\u00a0\u00bb global_colors_info=\u00a0\u00bb{}\u00a0\u00bb][et_pb_text _builder_version=\u00a0\u00bb4.24.0&Prime; _module_preset=\u00a0\u00bbdefault\u00a0\u00bb hover_enabled=\u00a0\u00bb0&Prime; global_colors_info=\u00a0\u00bb{}\u00a0\u00bb sticky_enabled=\u00a0\u00bb0&Prime;]<\/p>\n<p lang=\"fr-FR\" style=\"margin-bottom: 0cm;\">Il est te<span lang=\"en-US\">mps de reprendre la route, direction le sud pour nous. Vent de face. On ne peut pas toujours avoir de la chance. Virage, le vent tourne avec nous. \u201cC&rsquo;est l&rsquo;arnaque\u201d nous dit Leila. \u201cEn plus, ce matin, il faisait grand beau et maintenant c&rsquo;est tout gris\u201d. De fait, de magnifiques nuages couvrent la pampa et nous sommes contents de ne pas \u00eatre en dessous! Il est vite l&rsquo;heure de chercher un endroit o\u00f9 planter la tente \u00e0 l&rsquo;abri du vent. Premier stop pour demander de l&rsquo;eau, un grand gaillard au fort accent russe remplit nos gourdes. Pas vraiment avenant le gars. Nous poursuivons notre route sans rien demander de plus. Bient\u00f4t une estancia. Nous y avions dormi il y a dix ans. Souvenir d&rsquo;une tr\u00e8s bonne soir\u00e9e. Aujourd&rsquo;hui, le proprio ne veut plus des cyclos. Mauvaises exp\u00e9riences? Abus? La faute aux applications et r\u00e9seaux sociaux qui r\u00e9f\u00e9rencent les lieux de bivouacs, mais aussi les lieux de rencontre qui devraient rester propre \u00e0 chacun? En tout cas, son p\u00e8re est d\u00e9sol\u00e9 de ne pouvoir nous aider, le jeune stagiaire aussi, et nous, nous sommes d\u00e9sol\u00e9s de la tournure que prennent les voyages. Nous continuons. Le soleil se couche apr\u00e8s 23h. Les journ\u00e9es peuvent s\u2019\u00e9tendre sans danger, mais pas sans fatigue. \u00c7a commence \u00e0 tirer et toujours pas un arbre ou une bosse derri\u00e8re laquelle s&rsquo;abriter. Enfin un semblant de for\u00eat. Un camping, ferm\u00e9, cadenass\u00e9. Une dame arrive. Le camping est ferm\u00e9, oui, mais pas pour les cyclos chahut\u00e9s par le vent, ouf! Elle cherche avec nous le meilleur endroit pour planter la tente, puis finit par nous proposer un cabanon et allume le po\u00eale d&rsquo;une cuisine ext\u00e9rieure. Toutes les mains s&rsquo;y r\u00e9chauffent. Un couple d&rsquo;amis sort. \u201cMais je vous connais! Je vous ai vu sur Instagram!\u201d,\u201dQuelle notori\u00e9t\u00e9!\u201d Une vid\u00e9o r\u00e9alis\u00e9e par la g\u00e9rante d&rsquo;un camping au nord de Concepcion a fait le tour du Chili et s&rsquo;en est m\u00eame all\u00e9e du c\u00f4t\u00e9 de l&rsquo;Argentine, du Br\u00e9sil et de l&rsquo;Uruguay. Pour toutes ces personnes qui demandaient comment nous suivre, nous avons cr\u00e9\u00e9 un compte Instagram <a href=\"https:\/\/www.instagram.com\/terre_de_paysages\/\" target=\"_blank\" rel=\"noopener\">(Terre_de_paysages)<\/a>. Nous avouons ne pas \u00eatre encore au top, plus \u00e0 l&rsquo;aise sur nos v\u00e9los que sur les r\u00e9seaux&#8230;<\/span><\/p>\n<p>[\/et_pb_text][\/et_pb_column][\/et_pb_row][et_pb_row column_structure=\u00a0\u00bb2_3,1_3&Prime; _builder_version=\u00a0\u00bb4.22.1&Prime; _module_preset=\u00a0\u00bbdefault\u00a0\u00bb global_colors_info=\u00a0\u00bb{}\u00a0\u00bb][et_pb_column type=\u00a0\u00bb2_3&Prime; _builder_version=\u00a0\u00bb4.22.1&Prime; _module_preset=\u00a0\u00bbdefault\u00a0\u00bb global_colors_info=\u00a0\u00bb{}\u00a0\u00bb][et_pb_image src=\u00a0\u00bbhttps:\/\/blog.terredepaysages.fr\/wp-content\/uploads\/2023\/12\/Tierra-del-fuego-69.jpg\u00a0\u00bb title_text=\u00a0\u00bbTierra del fuego (69)\u00a0\u00bb _builder_version=\u00a0\u00bb4.24.0&Prime; _module_preset=\u00a0\u00bbdefault\u00a0\u00bb global_colors_info=\u00a0\u00bb{}\u00a0\u00bb][\/et_pb_image][\/et_pb_column][et_pb_column type=\u00a0\u00bb1_3&Prime; _builder_version=\u00a0\u00bb4.22.1&Prime; _module_preset=\u00a0\u00bbdefault\u00a0\u00bb global_colors_info=\u00a0\u00bb{}\u00a0\u00bb][et_pb_image src=\u00a0\u00bbhttps:\/\/blog.terredepaysages.fr\/wp-content\/uploads\/2023\/12\/Tierra-del-fuego-68-scaled.jpg\u00a0\u00bb title_text=\u00a0\u00bbTierra del fuego (68)\u00a0\u00bb _builder_version=\u00a0\u00bb4.24.0&Prime; _module_preset=\u00a0\u00bbdefault\u00a0\u00bb global_colors_info=\u00a0\u00bb{}\u00a0\u00bb][\/et_pb_image][et_pb_image src=\u00a0\u00bbhttps:\/\/blog.terredepaysages.fr\/wp-content\/uploads\/2023\/12\/Tierra-del-fuego-71.jpg\u00a0\u00bb title_text=\u00a0\u00bbTierra del fuego (71)\u00a0\u00bb _builder_version=\u00a0\u00bb4.24.0&Prime; _module_preset=\u00a0\u00bbdefault\u00a0\u00bb global_colors_info=\u00a0\u00bb{}\u00a0\u00bb][\/et_pb_image][\/et_pb_column][\/et_pb_row][\/et_pb_section][et_pb_section fb_built=\u00a0\u00bb1&Prime; _builder_version=\u00a0\u00bb4.22.1&Prime; _module_preset=\u00a0\u00bbdefault\u00a0\u00bb custom_padding=\u00a0\u00bb6px||10px|||\u00a0\u00bb global_colors_info=\u00a0\u00bb{}\u00a0\u00bb][et_pb_row _builder_version=\u00a0\u00bb4.22.1&Prime; _module_preset=\u00a0\u00bbdefault\u00a0\u00bb custom_padding=\u00a0\u00bb6px|||||\u00a0\u00bb global_colors_info=\u00a0\u00bb{}\u00a0\u00bb][et_pb_column type=\u00a0\u00bb4_4&Prime; _builder_version=\u00a0\u00bb4.22.1&Prime; _module_preset=\u00a0\u00bbdefault\u00a0\u00bb global_colors_info=\u00a0\u00bb{}\u00a0\u00bb][et_pb_text _builder_version=\u00a0\u00bb4.24.0&Prime; _module_preset=\u00a0\u00bbdefault\u00a0\u00bb global_colors_info=\u00a0\u00bb{}\u00a0\u00bb]<\/p>\n<p lang=\"en-US\" style=\"margin-bottom: 0cm;\">Leila nous le fait remarquer : \u201cNous ne sommes plus dans la pampa, il y a des arbres!\u201d. Les paysages changent en atteignant le sud de la Terre de Feu, plus bois\u00e9s, plus montagneux, des lacs. Les journ\u00e9es sont plus grises aussi, un peu longuettes parfois. Des portes s&rsquo;ouvrent. Celle de la boulangerie de Tolhuin qui accueillent depuis tr\u00e8s longtemps les cyclos dans sa r\u00e9serve au sous-sol, celle de la protection civile, grand sourire, qui met les enfants au chaud. \u201cTrop chaud\u201d d\u2019apr\u00e8s C\u00e9lestin. \u201cIls mettent le chauffage \u00e0 fond et ouvrent les fen\u00eatres!!\u201d. Dix ans plus tard, nous n&rsquo;arrivons toujours pas \u00e0 nous faire aux br\u00fbleurs de gazini\u00e8res qui restent allum\u00e9s sans casserole dessus. Par r\u00e9flexe, nous continuons de les fermer&#8230;<\/p>\n<p lang=\"en-US\" style=\"margin-bottom: 0cm;\">Dernier col avant Ushua\u00efa. Giboul\u00e9e de neige au sommet! Petite pluie dans la descente. Refuge sous les devantures des b\u00e2timents fermes de la station de ski. Nous errons parmi les ouvriers qui s&rsquo;occupent de la maintenance, construisent nouveaux h\u00f4tels et cabanas de luxe. Un renard de Patagonie nous regarde planter la tente sur les pelouses grasses de l\u2019\u00e9cole de ski. 22h30, il fait encore jour. Difficile de se coucher t\u00f4t et de garder un rythme \u201cnormal\u201d. Il fait froid comme en hiver, mais jour comme en \u00e9t\u00e9, dr\u00f4le de no\u00ebl en perspective!<\/p>\n<p lang=\"en-US\" style=\"margin-bottom: 0cm;\">Ushua\u00efa! \u00c7a y&rsquo;est nous y sommes! Nous n&rsquo;avions pas pr\u00e9vu de venir jusqu&rsquo;ici et nous sommes contents d&rsquo;y \u00eatre arriv\u00e9s! Fin del mundo. A la fois si loin, et si proche. C&rsquo;est la premi\u00e8re fois depuis quatre mois que nous reconnaissons aussi bien les lieux. L\u2019atmosph\u00e8re, la sensation d&rsquo;arriver au bout du monde sans pour autant que ce soit la fin. Nous ne pouvons nous emp\u00eacher d&rsquo;aller sur les pontons voir s&rsquo;il y a possibilit\u00e9 de continuer plus au sud&#8230;.<\/p>\n<p>[\/et_pb_text][\/et_pb_column][\/et_pb_row][et_pb_row column_structure=\u00a0\u00bb1_3,2_3&Prime; _builder_version=\u00a0\u00bb4.22.1&Prime; _module_preset=\u00a0\u00bbdefault\u00a0\u00bb global_colors_info=\u00a0\u00bb{}\u00a0\u00bb][et_pb_column type=\u00a0\u00bb1_3&Prime; _builder_version=\u00a0\u00bb4.22.1&Prime; _module_preset=\u00a0\u00bbdefault\u00a0\u00bb global_colors_info=\u00a0\u00bb{}\u00a0\u00bb][et_pb_image src=\u00a0\u00bbhttps:\/\/blog.terredepaysages.fr\/wp-content\/uploads\/2023\/12\/Tierra-del-fuego-79.jpg\u00a0\u00bb title_text=\u00a0\u00bbTierra del fuego (79)\u00a0\u00bb _builder_version=\u00a0\u00bb4.24.0&Prime; _module_preset=\u00a0\u00bbdefault\u00a0\u00bb global_colors_info=\u00a0\u00bb{}\u00a0\u00bb][\/et_pb_image][et_pb_image src=\u00a0\u00bbhttps:\/\/blog.terredepaysages.fr\/wp-content\/uploads\/2023\/12\/Tierra-del-fuego-72.jpg\u00a0\u00bb title_text=\u00a0\u00bbTierra del fuego (72)\u00a0\u00bb _builder_version=\u00a0\u00bb4.24.0&Prime; _module_preset=\u00a0\u00bbdefault\u00a0\u00bb global_colors_info=\u00a0\u00bb{}\u00a0\u00bb][\/et_pb_image][\/et_pb_column][et_pb_column type=\u00a0\u00bb2_3&Prime; _builder_version=\u00a0\u00bb4.22.1&Prime; _module_preset=\u00a0\u00bbdefault\u00a0\u00bb global_colors_info=\u00a0\u00bb{}\u00a0\u00bb][et_pb_image src=\u00a0\u00bbhttps:\/\/blog.terredepaysages.fr\/wp-content\/uploads\/2023\/12\/Tierra-del-fuego-80.jpg\u00a0\u00bb title_text=\u00a0\u00bbTierra del fuego (80)\u00a0\u00bb _builder_version=\u00a0\u00bb4.24.0&Prime; _module_preset=\u00a0\u00bbdefault\u00a0\u00bb global_colors_info=\u00a0\u00bb{}\u00a0\u00bb][\/et_pb_image][\/et_pb_column][\/et_pb_row][\/et_pb_section][et_pb_section fb_built=\u00a0\u00bb1&Prime; _builder_version=\u00a0\u00bb4.22.1&Prime; _module_preset=\u00a0\u00bbdefault\u00a0\u00bb custom_padding=\u00a0\u00bb6px||10px|||\u00a0\u00bb global_colors_info=\u00a0\u00bb{}\u00a0\u00bb][et_pb_row _builder_version=\u00a0\u00bb4.22.1&Prime; _module_preset=\u00a0\u00bbdefault\u00a0\u00bb custom_padding=\u00a0\u00bb6px|||||\u00a0\u00bb global_colors_info=\u00a0\u00bb{}\u00a0\u00bb][et_pb_column type=\u00a0\u00bb4_4&Prime; _builder_version=\u00a0\u00bb4.22.1&Prime; _module_preset=\u00a0\u00bbdefault\u00a0\u00bb global_colors_info=\u00a0\u00bb{}\u00a0\u00bb][et_pb_text _builder_version=\u00a0\u00bb4.24.0&Prime; _module_preset=\u00a0\u00bbdefault\u00a0\u00bb global_colors_info=\u00a0\u00bb{}\u00a0\u00bb]<\/p>\n<p lang=\"en-US\" style=\"margin-bottom: 0cm;\">Canal de Beagle. Zone de friction entre l&rsquo;Argentine et le Chili. Il y a une douzaine d\u2019ann\u00e9es, un ferry avait \u00e9t\u00e9 mis en place pour relier Ushua\u00efa, argentine, et l&rsquo;\u00eele Navarino, chilienne. Depuis le covid, il ne fonctionne plus. Les autorit\u00e9s chiliennes ne veulent plus non plus des travers\u00e9es commerciales en petite lancha. Restent les travers\u00e9es officieuses, ou la chance de rencontrer un \u00e9quipage pr\u00eat \u00e0 nous emmener. Flo y croit, et il a raison! La chance nous sourit : Igor accepte de nous embarquer! Nous avons quelques jours pour nous reposer, f\u00eater un anniversaire (Nous avions f\u00eat\u00e9 ici les 30 ans d\u2019Aur\u00e9lie, nous y f\u00eatons cette fois les 44 de Flo, aux enfants d\u2019\u00e9crire la suite s&rsquo; ils le souhaitent&#8230;), et visiter le mus\u00e9e de la prison d\u2019Ushua\u00efa.<\/p>\n<p lang=\"en-US\" style=\"margin-bottom: 0cm;\">Mus\u00e9ographie particuli\u00e8re : chaque petite cellule constitue une petite salle. Et des petites cellules, il y en a beaucoup. Il \u00e9tait un temps ou les prisons servent \u00e0 coloniser les territoires o\u00f9 personne n&rsquo;avait vraiment envie de s&rsquo;installer. Ces cellules racontent tout \u00e7a, les exp\u00e9ditions navales, la flore, la faune, la cr\u00e9ation de la ville, son d\u00e9veloppement, les natifs, ces peuplent \u201cqui n&rsquo;ont pas su se faire \u00e0 la culture des colons\u201d. Une frise chronologique num\u00e9rique se termine sur une photo de partie de chasse, la l\u00e9gende pr\u00e9cise \u201cChasseurs de natifs\u201d. Point. Il m&rsquo;a fallu un temps pour r\u00e9aliser ce que j&rsquo;avais sous les yeux. Une histoire qui se termine sur une chasse aux populations locales sans aucune remise en question. A Bariloche, le mus\u00e9e de la ville, si il n&rsquo;avait pas encore revu ses expositions, interpellait le visiteur par des pancartes sur cette fa\u00e7on de construire l&rsquo;histoire : \u201cPeux-t-on r\u00e9sumer un peuple <span lang=\"fr-FR\">\u00e0<\/span> ses outils ?\u00a0\u00bb ; \u00ab\u00a0Colonisation : premier g\u00e9nocide sud-am\u00e9ricain\u00a0\u00bb ; \u00ab\u00a0Pourquoi les femmes sont-elles absentes de cette salle?\u00a0\u00bb ; \u00ab\u00a0Non, ces terres n\u2019\u00e9taient pas des d\u00e9serts.\u201d Ici, rien. Les sal\u00e9siens se montrent en m\u00e9diateurs entre des colons qui ne comprennent rien aux populations locales et des populations locales trop heureuses de pouvoir chasser des moutons parqu\u00e9s. Envie de coup de gueule. Envie de crier, de pleurer. Stop. D&rsquo;une colonisation \u00e0 l&rsquo;autre, rien ne change. D&rsquo;une guerre \u00e0 l&rsquo;autre, tout est pareil. Ici, la-bas, pourquoi ce besoin d\u2019\u00e9craser l&rsquo;autre, le faire dispara\u00eetre, puis parler de d\u00e9sert. Il n&rsquo;y avait rien avant, nous avons tout fait. Mensonge. Je ne peux plus voir ces photos fig\u00e9es, coupe au bol, ces habits porteurs de mort. Mal. Culpabilit\u00e9. Ces colons, europ\u00e9ens, c&rsquo;est moi, c&rsquo;est nous.<\/p>\n<p>[\/et_pb_text][\/et_pb_column][\/et_pb_row][et_pb_row column_structure=\u00a0\u00bb2_3,1_3&Prime; _builder_version=\u00a0\u00bb4.22.1&Prime; _module_preset=\u00a0\u00bbdefault\u00a0\u00bb global_colors_info=\u00a0\u00bb{}\u00a0\u00bb][et_pb_column type=\u00a0\u00bb2_3&Prime; _builder_version=\u00a0\u00bb4.22.1&Prime; _module_preset=\u00a0\u00bbdefault\u00a0\u00bb global_colors_info=\u00a0\u00bb{}\u00a0\u00bb][et_pb_image src=\u00a0\u00bbhttps:\/\/blog.terredepaysages.fr\/wp-content\/uploads\/2023\/12\/Tierra-del-fuego-88.jpg\u00a0\u00bb title_text=\u00a0\u00bbTierra del fuego (88)\u00a0\u00bb _builder_version=\u00a0\u00bb4.24.0&Prime; _module_preset=\u00a0\u00bbdefault\u00a0\u00bb global_colors_info=\u00a0\u00bb{}\u00a0\u00bb][\/et_pb_image][\/et_pb_column][et_pb_column type=\u00a0\u00bb1_3&Prime; _builder_version=\u00a0\u00bb4.24.0&Prime; _module_preset=\u00a0\u00bbdefault\u00a0\u00bb global_colors_info=\u00a0\u00bb{}\u00a0\u00bb][et_pb_image src=\u00a0\u00bbhttps:\/\/blog.terredepaysages.fr\/wp-content\/uploads\/2023\/12\/Tierra-del-fuego-85.jpg\u00a0\u00bb title_text=\u00a0\u00bbTierra del fuego (85)\u00a0\u00bb _builder_version=\u00a0\u00bb4.24.0&Prime; _module_preset=\u00a0\u00bbdefault\u00a0\u00bb global_colors_info=\u00a0\u00bb{}\u00a0\u00bb][\/et_pb_image][et_pb_image src=\u00a0\u00bbhttps:\/\/blog.terredepaysages.fr\/wp-content\/uploads\/2023\/12\/Tierra-del-fuego-99.jpg\u00a0\u00bb title_text=\u00a0\u00bbTierra del fuego (99)\u00a0\u00bb _builder_version=\u00a0\u00bb4.24.0&Prime; _module_preset=\u00a0\u00bbdefault\u00a0\u00bb global_colors_info=\u00a0\u00bb{}\u00a0\u00bb][\/et_pb_image][\/et_pb_column][\/et_pb_row][et_pb_row column_structure=\u00a0\u00bb1_3,2_3&Prime; _builder_version=\u00a0\u00bb4.22.1&Prime; _module_preset=\u00a0\u00bbdefault\u00a0\u00bb global_colors_info=\u00a0\u00bb{}\u00a0\u00bb][et_pb_column type=\u00a0\u00bb1_3&Prime; _builder_version=\u00a0\u00bb4.22.1&Prime; _module_preset=\u00a0\u00bbdefault\u00a0\u00bb global_colors_info=\u00a0\u00bb{}\u00a0\u00bb][et_pb_image src=\u00a0\u00bbhttps:\/\/blog.terredepaysages.fr\/wp-content\/uploads\/2023\/12\/Tierra-del-fuego-96.jpg\u00a0\u00bb title_text=\u00a0\u00bbTierra del fuego (96)\u00a0\u00bb _builder_version=\u00a0\u00bb4.24.0&Prime; _module_preset=\u00a0\u00bbdefault\u00a0\u00bb global_colors_info=\u00a0\u00bb{}\u00a0\u00bb][\/et_pb_image][et_pb_image src=\u00a0\u00bbhttps:\/\/blog.terredepaysages.fr\/wp-content\/uploads\/2023\/12\/Tierra-del-fuego-95.jpg\u00a0\u00bb title_text=\u00a0\u00bbTierra del fuego (95)\u00a0\u00bb _builder_version=\u00a0\u00bb4.24.0&Prime; _module_preset=\u00a0\u00bbdefault\u00a0\u00bb global_colors_info=\u00a0\u00bb{}\u00a0\u00bb][\/et_pb_image][et_pb_image src=\u00a0\u00bbhttps:\/\/blog.terredepaysages.fr\/wp-content\/uploads\/2023\/12\/Tierra-del-fuego-97-rotated.jpg\u00a0\u00bb title_text=\u00a0\u00bbTierra del fuego (97)\u00a0\u00bb _builder_version=\u00a0\u00bb4.24.0&Prime; _module_preset=\u00a0\u00bbdefault\u00a0\u00bb global_colors_info=\u00a0\u00bb{}\u00a0\u00bb][\/et_pb_image][\/et_pb_column][et_pb_column type=\u00a0\u00bb2_3&Prime; _builder_version=\u00a0\u00bb4.24.0&Prime; _module_preset=\u00a0\u00bbdefault\u00a0\u00bb global_colors_info=\u00a0\u00bb{}\u00a0\u00bb][et_pb_image src=\u00a0\u00bbhttps:\/\/blog.terredepaysages.fr\/wp-content\/uploads\/2023\/12\/Tierra-del-fuego-94.jpg\u00a0\u00bb title_text=\u00a0\u00bbTierra del fuego (94)\u00a0\u00bb _builder_version=\u00a0\u00bb4.24.0&Prime; _module_preset=\u00a0\u00bbdefault\u00a0\u00bb global_colors_info=\u00a0\u00bb{}\u00a0\u00bb][\/et_pb_image][et_pb_image src=\u00a0\u00bbhttps:\/\/blog.terredepaysages.fr\/wp-content\/uploads\/2024\/02\/Yaganes_Tierra_del_Fuego.jpg\u00a0\u00bb title_text=\u00a0\u00bbYaganes_Tierra_del_Fuego\u00a0\u00bb _builder_version=\u00a0\u00bb4.24.0&Prime; _module_preset=\u00a0\u00bbdefault\u00a0\u00bb global_colors_info=\u00a0\u00bb{}\u00a0\u00bb][\/et_pb_image][\/et_pb_column][\/et_pb_row][\/et_pb_section]<\/p>\n","protected":false},"excerpt":{"rendered":"<p>Le vent nous portera<\/p>\n","protected":false},"author":1,"featured_media":1122,"comment_status":"closed","ping_status":"open","sticky":false,"template":"","format":"standard","meta":{"_et_pb_use_builder":"on","_et_pb_old_content":"","_et_gb_content_width":"1080","footnotes":""},"categories":[16,12,15],"tags":[18,13,20,10,21],"class_list":["post-1115","post","type-post","status-publish","format-standard","has-post-thumbnail","hentry","category-argentine","category-chili","category-velo","tag-argentine","tag-chili","tag-terre-de-feu","tag-velo","tag-voyage"],"yoast_head":"<!-- This site is optimized with the Yoast SEO plugin v26.4 - https:\/\/yoast.com\/wordpress\/plugins\/seo\/ -->\n<title>9. Terre de Feu - Terre de Paysages<\/title>\n<meta name=\"description\" content=\"Le vent nous portera\" \/>\n<meta name=\"robots\" content=\"index, follow, max-snippet:-1, max-image-preview:large, max-video-preview:-1\" \/>\n<link rel=\"canonical\" href=\"https:\/\/blog.terredepaysages.fr\/index.php\/2023\/12\/19\/tierra-del-fuego\/\" \/>\n<meta property=\"og:locale\" content=\"fr_FR\" \/>\n<meta property=\"og:type\" content=\"article\" \/>\n<meta property=\"og:title\" content=\"9. Terre de Feu - Terre de Paysages\" \/>\n<meta property=\"og:description\" content=\"Le vent nous portera\" \/>\n<meta property=\"og:url\" content=\"https:\/\/blog.terredepaysages.fr\/index.php\/2023\/12\/19\/tierra-del-fuego\/\" \/>\n<meta property=\"og:site_name\" content=\"Terre de Paysages\" \/>\n<meta property=\"article:published_time\" content=\"2023-12-19T16:13:30+00:00\" \/>\n<meta property=\"article:modified_time\" content=\"2024-02-11T20:10:03+00:00\" \/>\n<meta property=\"og:image\" content=\"https:\/\/blog.terredepaysages.fr\/wp-content\/uploads\/2024\/02\/Tierra-del-fuego-32-scaled.jpg\" \/>\n\t<meta property=\"og:image:width\" content=\"2560\" \/>\n\t<meta property=\"og:image:height\" content=\"1441\" \/>\n\t<meta property=\"og:image:type\" content=\"image\/jpeg\" \/>\n<meta name=\"author\" content=\"Terre de Paysages\" \/>\n<meta name=\"twitter:card\" content=\"summary_large_image\" \/>\n<meta name=\"twitter:label1\" content=\"\u00c9crit par\" \/>\n\t<meta name=\"twitter:data1\" content=\"Terre de Paysages\" \/>\n\t<meta name=\"twitter:label2\" content=\"Dur\u00e9e de lecture estim\u00e9e\" \/>\n\t<meta name=\"twitter:data2\" content=\"16 minutes\" \/>\n<script type=\"application\/ld+json\" class=\"yoast-schema-graph\">{\"@context\":\"https:\/\/schema.org\",\"@graph\":[{\"@type\":\"Article\",\"@id\":\"https:\/\/blog.terredepaysages.fr\/index.php\/2023\/12\/19\/tierra-del-fuego\/#article\",\"isPartOf\":{\"@id\":\"https:\/\/blog.terredepaysages.fr\/index.php\/2023\/12\/19\/tierra-del-fuego\/\"},\"author\":{\"name\":\"Terre de Paysages\",\"@id\":\"https:\/\/blog.terredepaysages.fr\/#\/schema\/person\/c8d144d26e488663688e0e7a91d9e7a0\"},\"headline\":\"9. Terre de Feu\",\"datePublished\":\"2023-12-19T16:13:30+00:00\",\"dateModified\":\"2024-02-11T20:10:03+00:00\",\"mainEntityOfPage\":{\"@id\":\"https:\/\/blog.terredepaysages.fr\/index.php\/2023\/12\/19\/tierra-del-fuego\/\"},\"wordCount\":3894,\"publisher\":{\"@id\":\"https:\/\/blog.terredepaysages.fr\/#organization\"},\"image\":{\"@id\":\"https:\/\/blog.terredepaysages.fr\/index.php\/2023\/12\/19\/tierra-del-fuego\/#primaryimage\"},\"thumbnailUrl\":\"https:\/\/blog.terredepaysages.fr\/wp-content\/uploads\/2024\/02\/Tierra-del-fuego-32-scaled.jpg\",\"keywords\":[\"Argentine\",\"Chili\",\"Terre de Feu\",\"velo\",\"voyage\"],\"articleSection\":[\"Argentine\",\"Chili\",\"V\u00e9lo\"],\"inLanguage\":\"fr-FR\"},{\"@type\":\"WebPage\",\"@id\":\"https:\/\/blog.terredepaysages.fr\/index.php\/2023\/12\/19\/tierra-del-fuego\/\",\"url\":\"https:\/\/blog.terredepaysages.fr\/index.php\/2023\/12\/19\/tierra-del-fuego\/\",\"name\":\"9. Terre de Feu - Terre de Paysages\",\"isPartOf\":{\"@id\":\"https:\/\/blog.terredepaysages.fr\/#website\"},\"primaryImageOfPage\":{\"@id\":\"https:\/\/blog.terredepaysages.fr\/index.php\/2023\/12\/19\/tierra-del-fuego\/#primaryimage\"},\"image\":{\"@id\":\"https:\/\/blog.terredepaysages.fr\/index.php\/2023\/12\/19\/tierra-del-fuego\/#primaryimage\"},\"thumbnailUrl\":\"https:\/\/blog.terredepaysages.fr\/wp-content\/uploads\/2024\/02\/Tierra-del-fuego-32-scaled.jpg\",\"datePublished\":\"2023-12-19T16:13:30+00:00\",\"dateModified\":\"2024-02-11T20:10:03+00:00\",\"description\":\"Le vent nous portera\",\"breadcrumb\":{\"@id\":\"https:\/\/blog.terredepaysages.fr\/index.php\/2023\/12\/19\/tierra-del-fuego\/#breadcrumb\"},\"inLanguage\":\"fr-FR\",\"potentialAction\":[{\"@type\":\"ReadAction\",\"target\":[\"https:\/\/blog.terredepaysages.fr\/index.php\/2023\/12\/19\/tierra-del-fuego\/\"]}]},{\"@type\":\"ImageObject\",\"inLanguage\":\"fr-FR\",\"@id\":\"https:\/\/blog.terredepaysages.fr\/index.php\/2023\/12\/19\/tierra-del-fuego\/#primaryimage\",\"url\":\"https:\/\/blog.terredepaysages.fr\/wp-content\/uploads\/2024\/02\/Tierra-del-fuego-32-scaled.jpg\",\"contentUrl\":\"https:\/\/blog.terredepaysages.fr\/wp-content\/uploads\/2024\/02\/Tierra-del-fuego-32-scaled.jpg\",\"width\":2560,\"height\":1441,\"caption\":\"Tierra del fuego (32)\"},{\"@type\":\"BreadcrumbList\",\"@id\":\"https:\/\/blog.terredepaysages.fr\/index.php\/2023\/12\/19\/tierra-del-fuego\/#breadcrumb\",\"itemListElement\":[{\"@type\":\"ListItem\",\"position\":1,\"name\":\"Accueil\",\"item\":\"https:\/\/blog.terredepaysages.fr\/\"},{\"@type\":\"ListItem\",\"position\":2,\"name\":\"9. Terre de Feu\"}]},{\"@type\":\"WebSite\",\"@id\":\"https:\/\/blog.terredepaysages.fr\/#website\",\"url\":\"https:\/\/blog.terredepaysages.fr\/\",\"name\":\"Terre de Paysages\",\"description\":\"Un an \u00e0 v\u00e9lo en famille de la Patagonie \u00e0 la Bolivie\",\"publisher\":{\"@id\":\"https:\/\/blog.terredepaysages.fr\/#organization\"},\"potentialAction\":[{\"@type\":\"SearchAction\",\"target\":{\"@type\":\"EntryPoint\",\"urlTemplate\":\"https:\/\/blog.terredepaysages.fr\/?s={search_term_string}\"},\"query-input\":{\"@type\":\"PropertyValueSpecification\",\"valueRequired\":true,\"valueName\":\"search_term_string\"}}],\"inLanguage\":\"fr-FR\"},{\"@type\":\"Organization\",\"@id\":\"https:\/\/blog.terredepaysages.fr\/#organization\",\"name\":\"Terre de Paysages\",\"url\":\"https:\/\/blog.terredepaysages.fr\/\",\"logo\":{\"@type\":\"ImageObject\",\"inLanguage\":\"fr-FR\",\"@id\":\"https:\/\/blog.terredepaysages.fr\/#\/schema\/logo\/image\/\",\"url\":\"https:\/\/blog.terredepaysages.fr\/wp-content\/uploads\/2023\/08\/1-Perou-31-carre.jpg\",\"contentUrl\":\"https:\/\/blog.terredepaysages.fr\/wp-content\/uploads\/2023\/08\/1-Perou-31-carre.jpg\",\"width\":760,\"height\":760,\"caption\":\"Terre de Paysages\"},\"image\":{\"@id\":\"https:\/\/blog.terredepaysages.fr\/#\/schema\/logo\/image\/\"}},{\"@type\":\"Person\",\"@id\":\"https:\/\/blog.terredepaysages.fr\/#\/schema\/person\/c8d144d26e488663688e0e7a91d9e7a0\",\"name\":\"Terre de Paysages\",\"image\":{\"@type\":\"ImageObject\",\"inLanguage\":\"fr-FR\",\"@id\":\"https:\/\/blog.terredepaysages.fr\/#\/schema\/person\/image\/\",\"url\":\"https:\/\/secure.gravatar.com\/avatar\/65087b742f3ab4dbc99d3b0a469e939a355d6cc293ff0612aebbbb34ebbd0a65?s=96&d=mm&r=g\",\"contentUrl\":\"https:\/\/secure.gravatar.com\/avatar\/65087b742f3ab4dbc99d3b0a469e939a355d6cc293ff0612aebbbb34ebbd0a65?s=96&d=mm&r=g\",\"caption\":\"Terre de Paysages\"},\"description\":\"Un an en famille \u00e0 v\u00e9lo et en rando de la Patagonie en Bolivie\",\"sameAs\":[\"http:\/\/blog.terredepaysages.fr\"],\"url\":\"https:\/\/blog.terredepaysages.fr\/index.php\/author\/admin1626\/\"}]}<\/script>\n<!-- \/ Yoast SEO plugin. -->","yoast_head_json":{"title":"9. Terre de Feu - Terre de Paysages","description":"Le vent nous portera","robots":{"index":"index","follow":"follow","max-snippet":"max-snippet:-1","max-image-preview":"max-image-preview:large","max-video-preview":"max-video-preview:-1"},"canonical":"https:\/\/blog.terredepaysages.fr\/index.php\/2023\/12\/19\/tierra-del-fuego\/","og_locale":"fr_FR","og_type":"article","og_title":"9. Terre de Feu - Terre de Paysages","og_description":"Le vent nous portera","og_url":"https:\/\/blog.terredepaysages.fr\/index.php\/2023\/12\/19\/tierra-del-fuego\/","og_site_name":"Terre de Paysages","article_published_time":"2023-12-19T16:13:30+00:00","article_modified_time":"2024-02-11T20:10:03+00:00","og_image":[{"width":2560,"height":1441,"url":"https:\/\/blog.terredepaysages.fr\/wp-content\/uploads\/2024\/02\/Tierra-del-fuego-32-scaled.jpg","type":"image\/jpeg"}],"author":"Terre de Paysages","twitter_card":"summary_large_image","twitter_misc":{"\u00c9crit par":"Terre de Paysages","Dur\u00e9e de lecture estim\u00e9e":"16 minutes"},"schema":{"@context":"https:\/\/schema.org","@graph":[{"@type":"Article","@id":"https:\/\/blog.terredepaysages.fr\/index.php\/2023\/12\/19\/tierra-del-fuego\/#article","isPartOf":{"@id":"https:\/\/blog.terredepaysages.fr\/index.php\/2023\/12\/19\/tierra-del-fuego\/"},"author":{"name":"Terre de Paysages","@id":"https:\/\/blog.terredepaysages.fr\/#\/schema\/person\/c8d144d26e488663688e0e7a91d9e7a0"},"headline":"9. Terre de Feu","datePublished":"2023-12-19T16:13:30+00:00","dateModified":"2024-02-11T20:10:03+00:00","mainEntityOfPage":{"@id":"https:\/\/blog.terredepaysages.fr\/index.php\/2023\/12\/19\/tierra-del-fuego\/"},"wordCount":3894,"publisher":{"@id":"https:\/\/blog.terredepaysages.fr\/#organization"},"image":{"@id":"https:\/\/blog.terredepaysages.fr\/index.php\/2023\/12\/19\/tierra-del-fuego\/#primaryimage"},"thumbnailUrl":"https:\/\/blog.terredepaysages.fr\/wp-content\/uploads\/2024\/02\/Tierra-del-fuego-32-scaled.jpg","keywords":["Argentine","Chili","Terre de Feu","velo","voyage"],"articleSection":["Argentine","Chili","V\u00e9lo"],"inLanguage":"fr-FR"},{"@type":"WebPage","@id":"https:\/\/blog.terredepaysages.fr\/index.php\/2023\/12\/19\/tierra-del-fuego\/","url":"https:\/\/blog.terredepaysages.fr\/index.php\/2023\/12\/19\/tierra-del-fuego\/","name":"9. Terre de Feu - Terre de Paysages","isPartOf":{"@id":"https:\/\/blog.terredepaysages.fr\/#website"},"primaryImageOfPage":{"@id":"https:\/\/blog.terredepaysages.fr\/index.php\/2023\/12\/19\/tierra-del-fuego\/#primaryimage"},"image":{"@id":"https:\/\/blog.terredepaysages.fr\/index.php\/2023\/12\/19\/tierra-del-fuego\/#primaryimage"},"thumbnailUrl":"https:\/\/blog.terredepaysages.fr\/wp-content\/uploads\/2024\/02\/Tierra-del-fuego-32-scaled.jpg","datePublished":"2023-12-19T16:13:30+00:00","dateModified":"2024-02-11T20:10:03+00:00","description":"Le vent nous portera","breadcrumb":{"@id":"https:\/\/blog.terredepaysages.fr\/index.php\/2023\/12\/19\/tierra-del-fuego\/#breadcrumb"},"inLanguage":"fr-FR","potentialAction":[{"@type":"ReadAction","target":["https:\/\/blog.terredepaysages.fr\/index.php\/2023\/12\/19\/tierra-del-fuego\/"]}]},{"@type":"ImageObject","inLanguage":"fr-FR","@id":"https:\/\/blog.terredepaysages.fr\/index.php\/2023\/12\/19\/tierra-del-fuego\/#primaryimage","url":"https:\/\/blog.terredepaysages.fr\/wp-content\/uploads\/2024\/02\/Tierra-del-fuego-32-scaled.jpg","contentUrl":"https:\/\/blog.terredepaysages.fr\/wp-content\/uploads\/2024\/02\/Tierra-del-fuego-32-scaled.jpg","width":2560,"height":1441,"caption":"Tierra del fuego (32)"},{"@type":"BreadcrumbList","@id":"https:\/\/blog.terredepaysages.fr\/index.php\/2023\/12\/19\/tierra-del-fuego\/#breadcrumb","itemListElement":[{"@type":"ListItem","position":1,"name":"Accueil","item":"https:\/\/blog.terredepaysages.fr\/"},{"@type":"ListItem","position":2,"name":"9. Terre de Feu"}]},{"@type":"WebSite","@id":"https:\/\/blog.terredepaysages.fr\/#website","url":"https:\/\/blog.terredepaysages.fr\/","name":"Terre de Paysages","description":"Un an \u00e0 v\u00e9lo en famille de la Patagonie \u00e0 la Bolivie","publisher":{"@id":"https:\/\/blog.terredepaysages.fr\/#organization"},"potentialAction":[{"@type":"SearchAction","target":{"@type":"EntryPoint","urlTemplate":"https:\/\/blog.terredepaysages.fr\/?s={search_term_string}"},"query-input":{"@type":"PropertyValueSpecification","valueRequired":true,"valueName":"search_term_string"}}],"inLanguage":"fr-FR"},{"@type":"Organization","@id":"https:\/\/blog.terredepaysages.fr\/#organization","name":"Terre de Paysages","url":"https:\/\/blog.terredepaysages.fr\/","logo":{"@type":"ImageObject","inLanguage":"fr-FR","@id":"https:\/\/blog.terredepaysages.fr\/#\/schema\/logo\/image\/","url":"https:\/\/blog.terredepaysages.fr\/wp-content\/uploads\/2023\/08\/1-Perou-31-carre.jpg","contentUrl":"https:\/\/blog.terredepaysages.fr\/wp-content\/uploads\/2023\/08\/1-Perou-31-carre.jpg","width":760,"height":760,"caption":"Terre de Paysages"},"image":{"@id":"https:\/\/blog.terredepaysages.fr\/#\/schema\/logo\/image\/"}},{"@type":"Person","@id":"https:\/\/blog.terredepaysages.fr\/#\/schema\/person\/c8d144d26e488663688e0e7a91d9e7a0","name":"Terre de Paysages","image":{"@type":"ImageObject","inLanguage":"fr-FR","@id":"https:\/\/blog.terredepaysages.fr\/#\/schema\/person\/image\/","url":"https:\/\/secure.gravatar.com\/avatar\/65087b742f3ab4dbc99d3b0a469e939a355d6cc293ff0612aebbbb34ebbd0a65?s=96&d=mm&r=g","contentUrl":"https:\/\/secure.gravatar.com\/avatar\/65087b742f3ab4dbc99d3b0a469e939a355d6cc293ff0612aebbbb34ebbd0a65?s=96&d=mm&r=g","caption":"Terre de Paysages"},"description":"Un an en famille \u00e0 v\u00e9lo et en rando de la Patagonie en Bolivie","sameAs":["http:\/\/blog.terredepaysages.fr"],"url":"https:\/\/blog.terredepaysages.fr\/index.php\/author\/admin1626\/"}]}},"_links":{"self":[{"href":"https:\/\/blog.terredepaysages.fr\/index.php\/wp-json\/wp\/v2\/posts\/1115","targetHints":{"allow":["GET"]}}],"collection":[{"href":"https:\/\/blog.terredepaysages.fr\/index.php\/wp-json\/wp\/v2\/posts"}],"about":[{"href":"https:\/\/blog.terredepaysages.fr\/index.php\/wp-json\/wp\/v2\/types\/post"}],"author":[{"embeddable":true,"href":"https:\/\/blog.terredepaysages.fr\/index.php\/wp-json\/wp\/v2\/users\/1"}],"replies":[{"embeddable":true,"href":"https:\/\/blog.terredepaysages.fr\/index.php\/wp-json\/wp\/v2\/comments?post=1115"}],"version-history":[{"count":0,"href":"https:\/\/blog.terredepaysages.fr\/index.php\/wp-json\/wp\/v2\/posts\/1115\/revisions"}],"wp:featuredmedia":[{"embeddable":true,"href":"https:\/\/blog.terredepaysages.fr\/index.php\/wp-json\/wp\/v2\/media\/1122"}],"wp:attachment":[{"href":"https:\/\/blog.terredepaysages.fr\/index.php\/wp-json\/wp\/v2\/media?parent=1115"}],"wp:term":[{"taxonomy":"category","embeddable":true,"href":"https:\/\/blog.terredepaysages.fr\/index.php\/wp-json\/wp\/v2\/categories?post=1115"},{"taxonomy":"post_tag","embeddable":true,"href":"https:\/\/blog.terredepaysages.fr\/index.php\/wp-json\/wp\/v2\/tags?post=1115"}],"curies":[{"name":"wp","href":"https:\/\/api.w.org\/{rel}","templated":true}]}}